{"id":38317,"date":"2022-05-17T00:00:43","date_gmt":"2022-05-17T03:00:43","guid":{"rendered":"https:\/\/vocesdebaires.com.ar\/?p=38317"},"modified":"2022-05-16T20:50:40","modified_gmt":"2022-05-16T23:50:40","slug":"de-interes-cultural-a-la-campana-denominada-sindrome-de-numeros","status":"publish","type":"post","link":"https:\/\/vocesdebaires.com.ar\/index.php\/2022\/05\/17\/de-interes-cultural-a-la-campana-denominada-sindrome-de-numeros\/","title":{"rendered":"De \u00abinter\u00e9s cultural\u00bb a la campa\u00f1a denominada \u00abS\u00edndrome de N\u00fameros\u00bb"},"content":{"rendered":"<p>Por impulso de la legisladora Natalia Fidel (VJ), fue aprobada por el pleno del parlamento porte\u00f1o, se le otorg\u00f3 car\u00e1cter de \u00abinter\u00e9s cultural\u00bb a la campa\u00f1a denominada \u00abS\u00edndrome de N\u00fameros\u00bb, organizada por la Asociaci\u00f3n del S\u00edndrome de Down de la Rep\u00fablica Argentina (ASDRA). El encuentro se desarroll\u00f3 este lunes por la tarde en el sal\u00f3n \u00abCiudad de Montevideo\u00bb y la distinci\u00f3n fue recibida por el presidente de la instituci\u00f3n Alejandro Cytrynbaum y su director ejecutivo Pedro Crespi. La iniciativa puesta en marcha busca recolectar informaci\u00f3n para crear la primera base de datos din\u00e1mica actualizada en tiempo real sobre las personas con s\u00edndrome de Down.<\/p>\n<p>\u00abEn nuestro pa\u00eds, no existen datos oficiales actualizados sobre la poblaci\u00f3n de personas con s\u00edndrome de Down; y sin datos, no hay informaci\u00f3n para que el Estado las reconozca\u00bb, sostiene ASDRA. En la p\u00e1gina web de esa entidad civil se inform\u00f3 recientemente que, tras el lanzamiento de la campa\u00f1a S\u00edndrome de N\u00fameros, \u00abel Estado brind\u00f3, por primera vez, informaci\u00f3n oficial sobre esta poblaci\u00f3n: seg\u00fan afirm\u00f3 a Clar\u00edn el Director de la Agencia Nacional de Discapacidad (Andis), Fernando Galarraga, en el pa\u00eds hay 46.002 personas con trisom\u00eda 21 que tienen Certificado \u00danico de Discapacidad (CUD)\u00bb.<\/p>\n","protected":false},"excerpt":{"rendered":"<p>Por impulso de la legisladora Natalia Fidel (VJ), fue aprobada por el pleno del parlamento porte\u00f1o, se le otorg\u00f3 car\u00e1cter de \u00abinter\u00e9s cultural\u00bb a la campa\u00f1a denominada \u00abS\u00edndrome de N\u00fameros\u00bb, organizada por la Asociaci\u00f3n del S\u00edndrome de Down de la Rep\u00fablica Argentina (ASDRA). El encuentro se desarroll\u00f3 este lunes por la tarde en el sal\u00f3n [&hellip;]<\/p>\n","protected":false},"author":2,"featured_media":38318,"comment_status":"open","ping_status":"open","sticky":false,"template":"","format":"standard","meta":{"_et_pb_use_builder":"","_et_pb_old_content":"","_et_gb_content_width":"","footnotes":""},"categories":[11,33],"tags":[],"class_list":["post-38317","post","type-post","status-publish","format-standard","has-post-thumbnail","hentry","category-ciudad","category-sociedad-y-cultura-2"],"_links":{"self":[{"href":"https:\/\/vocesdebaires.com.ar\/index.php\/wp-json\/wp\/v2\/posts\/38317"}],"collection":[{"href":"https:\/\/vocesdebaires.com.ar\/index.php\/wp-json\/wp\/v2\/posts"}],"about":[{"href":"https:\/\/vocesdebaires.com.ar\/index.php\/wp-json\/wp\/v2\/types\/post"}],"author":[{"embeddable":true,"href":"https:\/\/vocesdebaires.com.ar\/index.php\/wp-json\/wp\/v2\/users\/2"}],"replies":[{"embeddable":true,"href":"https:\/\/vocesdebaires.com.ar\/index.php\/wp-json\/wp\/v2\/comments?post=38317"}],"version-history":[{"count":1,"href":"https:\/\/vocesdebaires.com.ar\/index.php\/wp-json\/wp\/v2\/posts\/38317\/revisions"}],"predecessor-version":[{"id":38319,"href":"https:\/\/vocesdebaires.com.ar\/index.php\/wp-json\/wp\/v2\/posts\/38317\/revisions\/38319"}],"wp:featuredmedia":[{"embeddable":true,"href":"https:\/\/vocesdebaires.com.ar\/index.php\/wp-json\/wp\/v2\/media\/38318"}],"wp:attachment":[{"href":"https:\/\/vocesdebaires.com.ar\/index.php\/wp-json\/wp\/v2\/media?parent=38317"}],"wp:term":[{"taxonomy":"category","embeddable":true,"href":"https:\/\/vocesdebaires.com.ar\/index.php\/wp-json\/wp\/v2\/categories?post=38317"},{"taxonomy":"post_tag","embeddable":true,"href":"https:\/\/vocesdebaires.com.ar\/index.php\/wp-json\/wp\/v2\/tags?post=38317"}],"curies":[{"name":"wp","href":"https:\/\/api.w.org\/{rel}","templated":true}]}}