{"id":38321,"date":"2022-05-17T00:14:02","date_gmt":"2022-05-17T03:14:02","guid":{"rendered":"https:\/\/vocesdebaires.com.ar\/?p=38321"},"modified":"2022-05-17T00:14:02","modified_gmt":"2022-05-17T03:14:02","slug":"ciudadtiene-una-ley-que-promueve-los-techos-y-las-terrazas-verdes","status":"publish","type":"post","link":"https:\/\/vocesdebaires.com.ar\/index.php\/2022\/05\/17\/ciudadtiene-una-ley-que-promueve-los-techos-y-las-terrazas-verdes\/","title":{"rendered":"Ciudad:Tiene una ley que promueve los techos y las terrazas verdes"},"content":{"rendered":"<p>Se refiere a superficies cubiertas de vegetaci\u00f3n cuyo objetivo es contribuir de manera sustentable con el medio ambiente urbano. Estos espacios pueden estar en un techo, azotea o terraza verde y debe contar con una membrana aislante hidr\u00f3fuga, carpeta de protecci\u00f3n y recubrimiento previa a la capa de grava de drenaje. El espesor m\u00ednimo necesario de tierra para que la vegetaci\u00f3n prospere debe estar en funci\u00f3n a las especies que conformen la cubierta vegetal, no pudiendo exceder los 18 cent\u00edmetros. El m\u00e9todo de desag\u00fce a utilizar en las cubiertas de un techo, azotea o terraza verde debe contar con una correcta Impermeabilizaci\u00f3n, la cual debe ser ejecutada con la mejor tecnolog\u00eda disponible.<\/p>\n<p><strong>Beneficios adicionales:<\/strong><br \/>\nEn las obras nuevas que se realicen en el \u00e1mbito de la Ciudad de Buenos Aires, se aplican reducciones en el pago de los derechos de delineaci\u00f3n y construcci\u00f3n a aquellos tr\u00e1mites que incluyan la construcci\u00f3n de una o m\u00e1s cubiertas vegetales. Los propietarios de edificaciones que implementen y mantengan Techos Verdes, gozan de una reducci\u00f3n en el importe del Alumbrado, barrido y limpieza.<\/p>\n","protected":false},"excerpt":{"rendered":"<p>Se refiere a superficies cubiertas de vegetaci\u00f3n cuyo objetivo es contribuir de manera sustentable con el medio ambiente urbano. Estos espacios pueden estar en un techo, azotea o terraza verde y debe contar con una membrana aislante hidr\u00f3fuga, carpeta de protecci\u00f3n y recubrimiento previa a la capa de grava de drenaje. El espesor m\u00ednimo necesario [&hellip;]<\/p>\n","protected":false},"author":2,"featured_media":38322,"comment_status":"open","ping_status":"open","sticky":false,"template":"","format":"standard","meta":{"_et_pb_use_builder":"","_et_pb_old_content":"","_et_gb_content_width":"","footnotes":""},"categories":[11,33],"tags":[],"class_list":["post-38321","post","type-post","status-publish","format-standard","has-post-thumbnail","hentry","category-ciudad","category-sociedad-y-cultura-2"],"_links":{"self":[{"href":"https:\/\/vocesdebaires.com.ar\/index.php\/wp-json\/wp\/v2\/posts\/38321"}],"collection":[{"href":"https:\/\/vocesdebaires.com.ar\/index.php\/wp-json\/wp\/v2\/posts"}],"about":[{"href":"https:\/\/vocesdebaires.com.ar\/index.php\/wp-json\/wp\/v2\/types\/post"}],"author":[{"embeddable":true,"href":"https:\/\/vocesdebaires.com.ar\/index.php\/wp-json\/wp\/v2\/users\/2"}],"replies":[{"embeddable":true,"href":"https:\/\/vocesdebaires.com.ar\/index.php\/wp-json\/wp\/v2\/comments?post=38321"}],"version-history":[{"count":1,"href":"https:\/\/vocesdebaires.com.ar\/index.php\/wp-json\/wp\/v2\/posts\/38321\/revisions"}],"predecessor-version":[{"id":38323,"href":"https:\/\/vocesdebaires.com.ar\/index.php\/wp-json\/wp\/v2\/posts\/38321\/revisions\/38323"}],"wp:featuredmedia":[{"embeddable":true,"href":"https:\/\/vocesdebaires.com.ar\/index.php\/wp-json\/wp\/v2\/media\/38322"}],"wp:attachment":[{"href":"https:\/\/vocesdebaires.com.ar\/index.php\/wp-json\/wp\/v2\/media?parent=38321"}],"wp:term":[{"taxonomy":"category","embeddable":true,"href":"https:\/\/vocesdebaires.com.ar\/index.php\/wp-json\/wp\/v2\/categories?post=38321"},{"taxonomy":"post_tag","embeddable":true,"href":"https:\/\/vocesdebaires.com.ar\/index.php\/wp-json\/wp\/v2\/tags?post=38321"}],"curies":[{"name":"wp","href":"https:\/\/api.w.org\/{rel}","templated":true}]}}