{"id":38324,"date":"2022-05-17T00:19:46","date_gmt":"2022-05-17T03:19:46","guid":{"rendered":"https:\/\/vocesdebaires.com.ar\/?p=38324"},"modified":"2022-05-17T00:22:09","modified_gmt":"2022-05-17T03:22:09","slug":"legislatura-portena-juanse-el-gran-musico-desplego-su-talento","status":"publish","type":"post","link":"https:\/\/vocesdebaires.com.ar\/index.php\/2022\/05\/17\/legislatura-portena-juanse-el-gran-musico-desplego-su-talento\/","title":{"rendered":"Legislatura porte\u00f1a: Juanse el gran m\u00fasico despleg\u00f3 su talento"},"content":{"rendered":"<p>Juan Sebasti\u00e1n Guti\u00e9rrez, nacido hace 59 a\u00f1os en el porte\u00f1o barrio de Villa Devoto y popularizado por su apodo de \u00abJuanse\u00bb, recibi\u00f3 ayer lunes el diploma de Personalidad Destacada de la Cultura de la Ciudad Aut\u00f3noma de Buenos Aires.La iniciativa fue aprobada por el pleno del cuerpo parlamentario y el autor del proyecto, el legislador Facundo Del Gaiso (VJ), entreg\u00f3 ayer lunes por la tarde el diploma distintivo. Acompa\u00f1aron la ceremonia los legisladores Hern\u00e1n Reyes y Daniel Del Sol (VJ); el ministro de Cultura del gobierno metropolitano,<\/p>\n<p>Enrique Avogadro, el m\u00edtico musico y cantante Nito Mestre, otras figuras del rock y el \u00e1mbito art\u00edstico y un grupo de fans del Oeste del Conurbano bonaerense, a quienes Juanse agradeci\u00f3 especialmente la presencia. Despu\u00e9s de las presentaciones, Juanse tom\u00f3 la guitarra y ofreci\u00f3 un breve pero vibrante recital en el sal\u00f3n Dorado Hip\u00f3lito Yrigoyen, acompa\u00f1ado por un segundo guitarrista, un bajista y un percusionista. Otro momento importante del evento fue cuando el agasajado invit\u00f3 a Nito Mestre a subir al estrado para cantar a d\u00fao un tema de Charly Garc\u00eda.<\/p>\n<p>Hoy el grupo con el que suele actuar se llama \u00abJuanse and The Band\u00bb, pero sigue siendo el l\u00edder de los \u00abRatones Paranoicos\u00bb, en sus espor\u00e1dicas presentaciones. La legendaria agrupaci\u00f3n musical tuvo su esplendor en los comienzos de la democracia recuperada en la d\u00e9cada de los 80 aunque desde ni\u00f1o Juanse ya utilizaba ese nombre cuando a los 11 a\u00f1os arm\u00f3 su primera bandita. Luego Juanse alcanz\u00f3 amplia popularidad en los ambientes del rock argentino y una prol\u00edfica discograf\u00eda.<\/p>\n","protected":false},"excerpt":{"rendered":"<p>Juan Sebasti\u00e1n Guti\u00e9rrez, nacido hace 59 a\u00f1os en el porte\u00f1o barrio de Villa Devoto y popularizado por su apodo de \u00abJuanse\u00bb, recibi\u00f3 ayer lunes el diploma de Personalidad Destacada de la Cultura de la Ciudad Aut\u00f3noma de Buenos Aires.La iniciativa fue aprobada por el pleno del cuerpo parlamentario y el autor del proyecto, el legislador [&hellip;]<\/p>\n","protected":false},"author":2,"featured_media":38327,"comment_status":"open","ping_status":"open","sticky":false,"template":"","format":"standard","meta":{"_et_pb_use_builder":"","_et_pb_old_content":"","_et_gb_content_width":"","footnotes":""},"categories":[11,33],"tags":[],"class_list":["post-38324","post","type-post","status-publish","format-standard","has-post-thumbnail","hentry","category-ciudad","category-sociedad-y-cultura-2"],"_links":{"self":[{"href":"https:\/\/vocesdebaires.com.ar\/index.php\/wp-json\/wp\/v2\/posts\/38324"}],"collection":[{"href":"https:\/\/vocesdebaires.com.ar\/index.php\/wp-json\/wp\/v2\/posts"}],"about":[{"href":"https:\/\/vocesdebaires.com.ar\/index.php\/wp-json\/wp\/v2\/types\/post"}],"author":[{"embeddable":true,"href":"https:\/\/vocesdebaires.com.ar\/index.php\/wp-json\/wp\/v2\/users\/2"}],"replies":[{"embeddable":true,"href":"https:\/\/vocesdebaires.com.ar\/index.php\/wp-json\/wp\/v2\/comments?post=38324"}],"version-history":[{"count":1,"href":"https:\/\/vocesdebaires.com.ar\/index.php\/wp-json\/wp\/v2\/posts\/38324\/revisions"}],"predecessor-version":[{"id":38326,"href":"https:\/\/vocesdebaires.com.ar\/index.php\/wp-json\/wp\/v2\/posts\/38324\/revisions\/38326"}],"wp:featuredmedia":[{"embeddable":true,"href":"https:\/\/vocesdebaires.com.ar\/index.php\/wp-json\/wp\/v2\/media\/38327"}],"wp:attachment":[{"href":"https:\/\/vocesdebaires.com.ar\/index.php\/wp-json\/wp\/v2\/media?parent=38324"}],"wp:term":[{"taxonomy":"category","embeddable":true,"href":"https:\/\/vocesdebaires.com.ar\/index.php\/wp-json\/wp\/v2\/categories?post=38324"},{"taxonomy":"post_tag","embeddable":true,"href":"https:\/\/vocesdebaires.com.ar\/index.php\/wp-json\/wp\/v2\/tags?post=38324"}],"curies":[{"name":"wp","href":"https:\/\/api.w.org\/{rel}","templated":true}]}}