{"id":38335,"date":"2022-05-18T00:00:08","date_gmt":"2022-05-18T03:00:08","guid":{"rendered":"https:\/\/vocesdebaires.com.ar\/?p=38335"},"modified":"2022-05-17T23:04:46","modified_gmt":"2022-05-18T02:04:46","slug":"ciudad-lanzo-el-programa-de-capacitacion-para-delegados-sindicales","status":"publish","type":"post","link":"https:\/\/vocesdebaires.com.ar\/index.php\/2022\/05\/18\/ciudad-lanzo-el-programa-de-capacitacion-para-delegados-sindicales\/","title":{"rendered":"Ciudad:Programa de Capacitaci\u00f3n para Delegados Sindicales"},"content":{"rendered":"<p>La Subsecretar\u00eda de Trabajo, Industria y Comercio, que depende del Ministerio de Desarrollo Econ\u00f3mico y Producci\u00f3n de la Ciudad, dio comienzo a un programa bimestral de Capacitaci\u00f3n para delegadas y delegados sindicales bajo el nombre \u201cConstruyendo di\u00e1logo para un Trabajo 2.0\u201d, con el fin de afianzar el proceso de formaci\u00f3n sindical.La Ciudad brindar\u00e1 a los participantes diferentes herramientas que permitan reforzar conocimientos sobre cuestiones laborales, sociales y sindicales, focalizando sobre tem\u00e1ticas ligadas a la perspectiva de g\u00e9nero, violencia y consumo problem\u00e1tico, haciendo especial hincapi\u00e9 en el mundo laboral post pandemia.<\/p>\n<p>\u201cPara el Gobierno de la Ciudad, un objetivo prioritario es controlar el cumplimiento de los derechos de todos los trabajadores porte\u00f1os, y entablar un di\u00e1logo con \u00e9stos para estar al tanto de sus intereses y preocupaciones. Los delegados sindicales facilitan esta tarea y, por esto, creemos que es de vital importancia brindarles instancias de capacitaci\u00f3n y actualizaci\u00f3n de sus conocimientos. Una mejor formaci\u00f3n sindical se traduce en una mejor representaci\u00f3n de los intereses de los trabajadores\u201d, se\u00f1al\u00f3 Jos\u00e9 Luis Giusti, ministro de Desarrollo Econ\u00f3mico y Producci\u00f3n.<\/p>\n<p>\u201cEl mundo que conoc\u00edamos se ha visto modificado en estos \u00faltimos a\u00f1os y, para lograr condiciones laborales igualitarias, decentes y acordes a las necesidades actuales, creemos que es necesario generar nuevas instancias de di\u00e1logo y formaci\u00f3n con aquellas personas que representan a las trabajadoras y los trabajadores\u201d, expres\u00f3, por su parte, el subsecretario de Trabajo, Industria y Comercio de la Ciudad, Ezequiel Jarvis. Y agreg\u00f3: \u201cTanto desde la Subsecretar\u00eda como desde los distintos sindicatos, coincidimos en la necesidad de trabajar en conjunto para luchar contra la informalidad laboral, y controlar el cumplimiento de las condiciones de Seguridad e Higiene\u201d.<\/p>\n<p>Impulsa tambi\u00e9n esta iniciativa de formaci\u00f3n, la Fundaci\u00f3n UOCRA, presidida por Gerardo Mart\u00ednez, y coordina Marcelo Bouzas, director general de Asuntos Gremiales y Formaci\u00f3n Sindical de la Subsecretar\u00eda de Trabajo, Industria y Comercio de la Ciudad. El Programa, organizado a trav\u00e9s de una serie de encuentros semanales, busca enfocarse en dos aspectos. En primer lugar, el ingreso al mundo sindical de las delegadas y los delegados, y la actualizaci\u00f3n en sus conocimientos acerca de la normativa laboral.<\/p>\n<p>En esta instancia, se priorizar\u00e1 el acompa\u00f1amiento de los j\u00f3venes representantes sindicales, mediante la adecuaci\u00f3n de sus objetivos con el derecho positivo vigente, y se buscar\u00e1 actualizar la Formaci\u00f3n de Delegadas y Delegados Sindicales, adaptando sus conocimientos y llev\u00e1ndolos a la pr\u00e1ctica. En un segundo aspecto, se desarrollar\u00e1 un ciclo de charlas con propuestas que permitan detectar necesidades de actualizaci\u00f3n de los oficios y profesiones de cada sector, con el objetivo de contribuir a un trabajo decente, saludable y registrado. En su totalidad, el Programa se dividir\u00e1 en 8 m\u00f3dulos te\u00f3rico\/pr\u00e1cticos, 1 m\u00f3dulo de introducci\u00f3n y 1 m\u00f3dulo de evaluaci\u00f3n final.<\/p>\n<p>Se abordar\u00e1n los siguientes temas: \u201cHacia una nueva realidad laboral: el impacto del Covid-19 y los avances sociales, tecnol\u00f3gicos y morales del trabajo\u201d, \u201cLa inserci\u00f3n de la mujer en el mundo del trabajo: de la econom\u00eda del cuidado a un trabajo digno, equitativo y libre de violencia\u201d, \u201cConsumo problem\u00e1tico. Impacto en los trabajadores y las relaciones laborales\u201d, \u201cSalud y seguridad en el trabajo\u201d, \u201cEl futuro del trabajo\u201d y \u201cDerecho del trabajo y seguridad laboral: herramientas de actualizaci\u00f3n de normas laborales, sindicales y de salud y protecci\u00f3n en el trabajo\u201d. Se cursa los d\u00edas martes de 10 a 12h. o los jueves de 15 a 17h. con duraci\u00f3n de 10 semanas, finalizando el mes de julio.<\/p>\n","protected":false},"excerpt":{"rendered":"<p>La Subsecretar\u00eda de Trabajo, Industria y Comercio, que depende del Ministerio de Desarrollo Econ\u00f3mico y Producci\u00f3n de la Ciudad, dio comienzo a un programa bimestral de Capacitaci\u00f3n para delegadas y delegados sindicales bajo el nombre \u201cConstruyendo di\u00e1logo para un Trabajo 2.0\u201d, con el fin de afianzar el proceso de formaci\u00f3n sindical.La Ciudad brindar\u00e1 a los [&hellip;]<\/p>\n","protected":false},"author":3,"featured_media":38336,"comment_status":"open","ping_status":"open","sticky":false,"template":"","format":"standard","meta":{"_et_pb_use_builder":"","_et_pb_old_content":"","_et_gb_content_width":"","footnotes":""},"categories":[11,33],"tags":[],"class_list":["post-38335","post","type-post","status-publish","format-standard","has-post-thumbnail","hentry","category-ciudad","category-sociedad-y-cultura-2"],"_links":{"self":[{"href":"https:\/\/vocesdebaires.com.ar\/index.php\/wp-json\/wp\/v2\/posts\/38335"}],"collection":[{"href":"https:\/\/vocesdebaires.com.ar\/index.php\/wp-json\/wp\/v2\/posts"}],"about":[{"href":"https:\/\/vocesdebaires.com.ar\/index.php\/wp-json\/wp\/v2\/types\/post"}],"author":[{"embeddable":true,"href":"https:\/\/vocesdebaires.com.ar\/index.php\/wp-json\/wp\/v2\/users\/3"}],"replies":[{"embeddable":true,"href":"https:\/\/vocesdebaires.com.ar\/index.php\/wp-json\/wp\/v2\/comments?post=38335"}],"version-history":[{"count":2,"href":"https:\/\/vocesdebaires.com.ar\/index.php\/wp-json\/wp\/v2\/posts\/38335\/revisions"}],"predecessor-version":[{"id":38338,"href":"https:\/\/vocesdebaires.com.ar\/index.php\/wp-json\/wp\/v2\/posts\/38335\/revisions\/38338"}],"wp:featuredmedia":[{"embeddable":true,"href":"https:\/\/vocesdebaires.com.ar\/index.php\/wp-json\/wp\/v2\/media\/38336"}],"wp:attachment":[{"href":"https:\/\/vocesdebaires.com.ar\/index.php\/wp-json\/wp\/v2\/media?parent=38335"}],"wp:term":[{"taxonomy":"category","embeddable":true,"href":"https:\/\/vocesdebaires.com.ar\/index.php\/wp-json\/wp\/v2\/categories?post=38335"},{"taxonomy":"post_tag","embeddable":true,"href":"https:\/\/vocesdebaires.com.ar\/index.php\/wp-json\/wp\/v2\/tags?post=38335"}],"curies":[{"name":"wp","href":"https:\/\/api.w.org\/{rel}","templated":true}]}}