{"id":38346,"date":"2022-05-18T00:00:10","date_gmt":"2022-05-18T03:00:10","guid":{"rendered":"https:\/\/vocesdebaires.com.ar\/?p=38346"},"modified":"2022-05-17T23:26:14","modified_gmt":"2022-05-18T02:26:14","slug":"amiaprograma-brindan-apoyo-a-quienes-cuidan-a-sus-familiares-o-amigos","status":"publish","type":"post","link":"https:\/\/vocesdebaires.com.ar\/index.php\/2022\/05\/18\/amiaprograma-brindan-apoyo-a-quienes-cuidan-a-sus-familiares-o-amigos\/","title":{"rendered":"AMIA:Programa brindan apoyo a quienes cuidan a sus familiares"},"content":{"rendered":"<p>Con el prop\u00f3sito de brindar informaci\u00f3n, herramientas y apoyo a las personas que cuidan a sus familiares o amigos en la etapa de la vejez, el \u00e1rea de Personas Mayores de AMIA ide\u00f3 y pondr\u00e1 en marcha, el pr\u00f3ximo mes, un nuevo programa de acompa\u00f1amiento y capacitaci\u00f3n.Se trata de \u201cCamino compartido\u201d, una iniciativa de alcance nacional que se llevar\u00e1 adelante de manera gratuita, por la plataforma Zoom, y que abarcar\u00e1 encuentros virtuales mensuales, a cargo de reconocidos especialistas en el \u00e1mbito gerontol\u00f3gico, y tambi\u00e9n grupos quincenales de apoyo y contenci\u00f3n.<\/p>\n<p>El primer encuentro se llevar\u00e1 a cabo el mi\u00e9rcoles 8 de junio, a las 18:30, y tendr\u00e1 como disertante a Laura Bosque, directora ejecutiva de la Fundaci\u00f3n Trauma, quien desarrollar\u00e1 el tema \u201cLa familia y el cuidado de personas mayores: Desaf\u00edos y oportunidades\u201d. \u201cEl espacio es abierto a toda la sociedad, no arancelado y solo requiere inscripci\u00f3n previa\u201d, precis\u00f3 Sebasti\u00e1n Fridman, coordinador general del \u00e1rea de Personas Mayores de AMIA. \u201cSe sabe que, en nuestro pa\u00eds, un alto porcentaje de tareas de cuidado a las personas mayores en situaci\u00f3n de dependencia, es realizado por cuidadores familiares, y generalmente la tarea se realiza sin que se tengan los conocimientos necesarios\u201d, advirti\u00f3.<\/p>\n<p>\u201cPor eso, esta iniciativa viene a cubrir un aspecto muy importante, como lo es el hecho de que los cuidadores puedan tener a mano mejores herramientas para asistir a sus seres queridos, y que puedan compartir sus experiencias con personas que est\u00e1n atravesando la misma situaci\u00f3n\u201d, remarc\u00f3. Los encuentros, que tendr\u00e1n lugar hasta diciembre, abarcan un amplio abanico de temas. Desde primeros auxilios en el hogar, caracter\u00edsticas de los diferentes dispositivos de cuidados y pautas clave para su gesti\u00f3n, hasta cambios psicol\u00f3gicos en la vejez, y estrategias de acompa\u00f1amiento de personas con deterioro cognitivo y demencias, entre otros aspectos.<\/p>\n<p>\u201cCuidar a un familiar que cuida es una tarea que no puede ser soslayada, y que merece ser abordada integralmente desde una mirada profesional. Este programa no solo es innovador en ese sentido, sino que procura ser una caja de herramientas, \u00fatil y concreta, para las personas que realizan una labor tan desafiante\u201d, concluy\u00f3 el coordinador general del \u00e1rea de Personas Mayores de AMIA. Para m\u00e1s informaci\u00f3n y para efectuar la inscripci\u00f3n previa para formar parte de \u201cCamino compartido\u201d, los datos de contacto son caminocompartido@amia.org.ar y el n\u00famero de WhatsApp 1130105810.<\/p>\n","protected":false},"excerpt":{"rendered":"<p>Con el prop\u00f3sito de brindar informaci\u00f3n, herramientas y apoyo a las personas que cuidan a sus familiares o amigos en la etapa de la vejez, el \u00e1rea de Personas Mayores de AMIA ide\u00f3 y pondr\u00e1 en marcha, el pr\u00f3ximo mes, un nuevo programa de acompa\u00f1amiento y capacitaci\u00f3n.Se trata de \u201cCamino compartido\u201d, una iniciativa de alcance [&hellip;]<\/p>\n","protected":false},"author":2,"featured_media":38347,"comment_status":"open","ping_status":"open","sticky":false,"template":"","format":"standard","meta":{"_et_pb_use_builder":"","_et_pb_old_content":"","_et_gb_content_width":"","footnotes":""},"categories":[11,33],"tags":[],"class_list":["post-38346","post","type-post","status-publish","format-standard","has-post-thumbnail","hentry","category-ciudad","category-sociedad-y-cultura-2"],"_links":{"self":[{"href":"https:\/\/vocesdebaires.com.ar\/index.php\/wp-json\/wp\/v2\/posts\/38346"}],"collection":[{"href":"https:\/\/vocesdebaires.com.ar\/index.php\/wp-json\/wp\/v2\/posts"}],"about":[{"href":"https:\/\/vocesdebaires.com.ar\/index.php\/wp-json\/wp\/v2\/types\/post"}],"author":[{"embeddable":true,"href":"https:\/\/vocesdebaires.com.ar\/index.php\/wp-json\/wp\/v2\/users\/2"}],"replies":[{"embeddable":true,"href":"https:\/\/vocesdebaires.com.ar\/index.php\/wp-json\/wp\/v2\/comments?post=38346"}],"version-history":[{"count":2,"href":"https:\/\/vocesdebaires.com.ar\/index.php\/wp-json\/wp\/v2\/posts\/38346\/revisions"}],"predecessor-version":[{"id":38349,"href":"https:\/\/vocesdebaires.com.ar\/index.php\/wp-json\/wp\/v2\/posts\/38346\/revisions\/38349"}],"wp:featuredmedia":[{"embeddable":true,"href":"https:\/\/vocesdebaires.com.ar\/index.php\/wp-json\/wp\/v2\/media\/38347"}],"wp:attachment":[{"href":"https:\/\/vocesdebaires.com.ar\/index.php\/wp-json\/wp\/v2\/media?parent=38346"}],"wp:term":[{"taxonomy":"category","embeddable":true,"href":"https:\/\/vocesdebaires.com.ar\/index.php\/wp-json\/wp\/v2\/categories?post=38346"},{"taxonomy":"post_tag","embeddable":true,"href":"https:\/\/vocesdebaires.com.ar\/index.php\/wp-json\/wp\/v2\/tags?post=38346"}],"curies":[{"name":"wp","href":"https:\/\/api.w.org\/{rel}","templated":true}]}}