{"id":38350,"date":"2022-05-18T00:11:27","date_gmt":"2022-05-18T03:11:27","guid":{"rendered":"https:\/\/vocesdebaires.com.ar\/?p=38350"},"modified":"2022-05-18T00:11:27","modified_gmt":"2022-05-18T03:11:27","slug":"legislaturavotaran-normativa-para-proteger-a-dos-barrios-de-la-ciudad","status":"publish","type":"post","link":"https:\/\/vocesdebaires.com.ar\/index.php\/2022\/05\/18\/legislaturavotaran-normativa-para-proteger-a-dos-barrios-de-la-ciudad\/","title":{"rendered":"Legislatura:Votar\u00e1n normativa para proteger a dos barrios de la Ciudad"},"content":{"rendered":"<p>Los legisladores porte\u00f1os definieron ayer martes el temario de la pr\u00f3xima sesi\u00f3n ordinaria y acordaron tratar un proyecto de ley que busca modificar el C\u00f3digo Urban\u00edstico para garantizar la preservaci\u00f3n del estilo arquitect\u00f3nico y paisaj\u00edstico de dos barrios t\u00edpicos de la Comuna 13: Lomas de Nu\u00f1ez y Nuevo Belgrano. El tratamiento legislativo de este asunto, reclamado por los vecinos de ambas barriadas, se resolvi\u00f3 en la reuni\u00f3n de Labor Parlamentaria realizada hoy martes con la presidencia del legisladores Emmanuel Ferrario y la participaci\u00f3n de los jefes o representantes de las distintas bancadas.<\/p>\n<p>El proyecto es de la legisladora Manuela Thourte y otros de su bloque UCR, se trabaj\u00f3 en la Comisi\u00f3n de Planeamiento Urbano, presidida por el legislador porte\u00f1o Daniel Del Sol (VJ), donde tambi\u00e9n hicieron propuestas los legisladores del FdT. Se propone modificar el Anexo II del C\u00f3digo Urban\u00edstico, referido a las \u00c1reas Especiales Individualizadas, incorporando estos dos barrios.En Lomas de Nu\u00f1ez no se va a permitir la construcci\u00f3n de edificios de m\u00e1s de 9 metros de altitud, se preservar\u00e1 la cota de barranca, el retiro de frente de 3 metros, la preservaci\u00f3n del centro libre de manzana y de las caracter\u00edsticas del paisaje.<\/p>\n<p>En Nuevo Belgrano se adoptar\u00e1n estipulaciones similares pero adem\u00e1s se permitir\u00e1 la construcci\u00f3n de viviendas colectivas s\u00f3lo en las parcelas mayores y superiores, dando prioridad al estilo de vivienda residencial. No obstante, se respetar\u00e1n los comercios preexistentes. En ambos barrios, adem\u00e1s, se prohibir\u00e1n publicidades callejeras que contaminan visualmente, se cuidar\u00e1n las especies arb\u00f3reas y los inmuebles de valor hist\u00f3rico y patrimonial.<\/p>\n","protected":false},"excerpt":{"rendered":"<p>Los legisladores porte\u00f1os definieron ayer martes el temario de la pr\u00f3xima sesi\u00f3n ordinaria y acordaron tratar un proyecto de ley que busca modificar el C\u00f3digo Urban\u00edstico para garantizar la preservaci\u00f3n del estilo arquitect\u00f3nico y paisaj\u00edstico de dos barrios t\u00edpicos de la Comuna 13: Lomas de Nu\u00f1ez y Nuevo Belgrano. El tratamiento legislativo de este asunto, [&hellip;]<\/p>\n","protected":false},"author":2,"featured_media":38351,"comment_status":"open","ping_status":"open","sticky":false,"template":"","format":"standard","meta":{"_et_pb_use_builder":"","_et_pb_old_content":"","_et_gb_content_width":"","footnotes":""},"categories":[11,33],"tags":[],"class_list":["post-38350","post","type-post","status-publish","format-standard","has-post-thumbnail","hentry","category-ciudad","category-sociedad-y-cultura-2"],"_links":{"self":[{"href":"https:\/\/vocesdebaires.com.ar\/index.php\/wp-json\/wp\/v2\/posts\/38350"}],"collection":[{"href":"https:\/\/vocesdebaires.com.ar\/index.php\/wp-json\/wp\/v2\/posts"}],"about":[{"href":"https:\/\/vocesdebaires.com.ar\/index.php\/wp-json\/wp\/v2\/types\/post"}],"author":[{"embeddable":true,"href":"https:\/\/vocesdebaires.com.ar\/index.php\/wp-json\/wp\/v2\/users\/2"}],"replies":[{"embeddable":true,"href":"https:\/\/vocesdebaires.com.ar\/index.php\/wp-json\/wp\/v2\/comments?post=38350"}],"version-history":[{"count":1,"href":"https:\/\/vocesdebaires.com.ar\/index.php\/wp-json\/wp\/v2\/posts\/38350\/revisions"}],"predecessor-version":[{"id":38352,"href":"https:\/\/vocesdebaires.com.ar\/index.php\/wp-json\/wp\/v2\/posts\/38350\/revisions\/38352"}],"wp:featuredmedia":[{"embeddable":true,"href":"https:\/\/vocesdebaires.com.ar\/index.php\/wp-json\/wp\/v2\/media\/38351"}],"wp:attachment":[{"href":"https:\/\/vocesdebaires.com.ar\/index.php\/wp-json\/wp\/v2\/media?parent=38350"}],"wp:term":[{"taxonomy":"category","embeddable":true,"href":"https:\/\/vocesdebaires.com.ar\/index.php\/wp-json\/wp\/v2\/categories?post=38350"},{"taxonomy":"post_tag","embeddable":true,"href":"https:\/\/vocesdebaires.com.ar\/index.php\/wp-json\/wp\/v2\/tags?post=38350"}],"curies":[{"name":"wp","href":"https:\/\/api.w.org\/{rel}","templated":true}]}}