{"id":38356,"date":"2022-05-18T00:22:08","date_gmt":"2022-05-18T03:22:08","guid":{"rendered":"https:\/\/vocesdebaires.com.ar\/?p=38356"},"modified":"2022-05-18T00:22:08","modified_gmt":"2022-05-18T03:22:08","slug":"cronograma-de-servicios-publicos-para-este-miercoles-18-de-mayo","status":"publish","type":"post","link":"https:\/\/vocesdebaires.com.ar\/index.php\/2022\/05\/18\/cronograma-de-servicios-publicos-para-este-miercoles-18-de-mayo\/","title":{"rendered":"Cronograma de servicios p\u00fablicos para este mi\u00e9rcoles 18 de mayo"},"content":{"rendered":"<p>El Gobierno de la Ciudad Aut\u00f3noma de Buenos Aires informa el cronograma de servicios p\u00fablicos para este mi\u00e9rcoles 18 de mayo, feriado por el Censo Nacional 2022. Hospitales: funcionar\u00e1n las guardias y el SAME. Tambi\u00e9n las Unidades Febriles de Urgencia con horarios de fin de semana.<br \/>\nEscuelas: cerradas.<\/p>\n<p>Cementerios: las inhumaciones en los Cementerios de Chacarita, Flores, Recoleta y el ingreso de los fallecidos al Crematorio de la Ciudad Aut\u00f3noma de Buenos Aires se realizar\u00e1n en el horario de 7.30 a 14.00 horas a destino, recepcion\u00e1ndose el \u00faltimo tr\u00e1mite a las 13 e inici\u00e1ndose la \u00faltima inhumaci\u00f3n a las 13.30.<br \/>\nAdministraci\u00f3n Gubernamental de Ingresos P\u00fablicos y Direcci\u00f3n General de Rentas: cerradas.<br \/>\nSedes comunales: cerradas.<br \/>\nRegistro Civil: Permanecer\u00e1 cerrado. Funcionar\u00e1 s\u00f3lo la guardia de defunciones de 8 a 12.30.<br \/>\nRecolecci\u00f3n de residuos: el servicio funcionar\u00e1 de manera habitual.<\/p>\n<p>Estacionamiento: estar\u00e1 permitido estacionar sobre las avenidas y calles donde est\u00e1 prohibido estacionar los d\u00edas h\u00e1biles de 7 a 21 horas. No estar\u00e1 permitido estacionar sobre avenidas o calles donde est\u00e1 prohibido estacionar las 24 horas. El estacionamiento medido no tendr\u00e1 vigencia. En las rampas, veredas, ochavas, cocheras, paradas de colectivo, calles de convivencia, espacios reservados para personas con discapacidad, espacios reservados para cl\u00ednicas y hospitales y cajones de carga y descarga, sigue rigiendo la prohibici\u00f3n durante las 24 horas. Adem\u00e1s no habr\u00e1 restricci\u00f3n de ingreso a Centro y Tribunales peatonal. M\u00e1s informaci\u00f3n: http:\/\/estacionamiento.gob.ar\/<\/p>\n<p>Subtes y Premetro: el servicio funcionar\u00e1 de 7 a 22 horas.<br \/>\nEcobici: los usuarios tendr\u00e1n las siguientes opciones:<br \/>\nRecreativo: Feriado: $210 &#8211; hasta 4 viajes de 60 minutos durante el d\u00eda feriado. Viaje \u00fanico: $98 &#8211; 1 viaje de hasta 30 min. los s\u00e1bados, domingos y feriados.<br \/>\nIntensivo: Mensual: $980 &#8211; hasta 6 viajes de 60 minutos al d\u00eda durante un mes. Anual: $8.400 &#8211; hasta 6 viajes de 60 minutos al d\u00eda durante un a\u00f1o.<br \/>\nTur\u00edstico: (s\u00f3lo para turistas extranjeros). Diario: $530 &#8211; hasta 6 viajes de 60 minutos durante 24 h, cualquier d\u00eda de la semana. Mensual: $950 &#8211; hasta 6 viajes de 60 minutos por d\u00eda durante un mes.<\/p>\n<p>Peajes: los peajes funcionar\u00e1n con normalidad, tomando como hora pico el horario de fin de semana, es decir, de 11 a 15 horas sentido Provincia, y de 17 a 21 horas sentido Centro.<br \/>\nRegistro de licencias para conducir, sede Roca: cerrada.<br \/>\nPista de aprendizaje: estar\u00e1 cerrada.<br \/>\nVerificaci\u00f3n T\u00e9cnica Vehicular: las siete plantas permanecer\u00e1n cerradas.<br \/>\nDirecci\u00f3n General de Infracciones: cerrada.<br \/>\nPolic\u00eda y Bomberos de la Ciudad + Emergencias L\u00ednea 911; Log\u00edstica, Defensa Civil, Guardia de Auxilio y Emergencias + L\u00ednea 103: guardias activas las 24 horas.<\/p>\n<p>Parques:<br \/>\nReserva Ecol\u00f3gica Lago Lugano: cerrado.<br \/>\nJard\u00edn Bot\u00e1nico: cerrado.<br \/>\nEcoparque: cerrado.<br \/>\nReserva Ecol\u00f3gica Costanera Sur: cerrada.<br \/>\nMuseos: cerrados. Para m\u00e1s informaci\u00f3n: http:\/\/www.buenosaires.gob.ar\/museos<br \/>\nBibliotecas p\u00fablicas: cerradas.<\/p>\n<p>Teatros dependientes del GCBA:<br \/>\nComplejo Teatral de Buenos Aires: cerrado.<br \/>\nCentro Cultural San Mart\u00edn: cerrado.<br \/>\nCentro Cultural 25 de Mayo: cerrado.<br \/>\nCentro Cultural Recoleta: cerrado.<br \/>\nTeatro Col\u00f3n: cerrado.<br \/>\nUsina del Arte: cerrada.<\/p>\n","protected":false},"excerpt":{"rendered":"<p>El Gobierno de la Ciudad Aut\u00f3noma de Buenos Aires informa el cronograma de servicios p\u00fablicos para este mi\u00e9rcoles 18 de mayo, feriado por el Censo Nacional 2022. Hospitales: funcionar\u00e1n las guardias y el SAME. Tambi\u00e9n las Unidades Febriles de Urgencia con horarios de fin de semana. Escuelas: cerradas. Cementerios: las inhumaciones en los Cementerios de [&hellip;]<\/p>\n","protected":false},"author":2,"featured_media":38357,"comment_status":"open","ping_status":"open","sticky":false,"template":"","format":"standard","meta":{"_et_pb_use_builder":"","_et_pb_old_content":"","_et_gb_content_width":"","footnotes":""},"categories":[11,33],"tags":[],"class_list":["post-38356","post","type-post","status-publish","format-standard","has-post-thumbnail","hentry","category-ciudad","category-sociedad-y-cultura-2"],"_links":{"self":[{"href":"https:\/\/vocesdebaires.com.ar\/index.php\/wp-json\/wp\/v2\/posts\/38356"}],"collection":[{"href":"https:\/\/vocesdebaires.com.ar\/index.php\/wp-json\/wp\/v2\/posts"}],"about":[{"href":"https:\/\/vocesdebaires.com.ar\/index.php\/wp-json\/wp\/v2\/types\/post"}],"author":[{"embeddable":true,"href":"https:\/\/vocesdebaires.com.ar\/index.php\/wp-json\/wp\/v2\/users\/2"}],"replies":[{"embeddable":true,"href":"https:\/\/vocesdebaires.com.ar\/index.php\/wp-json\/wp\/v2\/comments?post=38356"}],"version-history":[{"count":1,"href":"https:\/\/vocesdebaires.com.ar\/index.php\/wp-json\/wp\/v2\/posts\/38356\/revisions"}],"predecessor-version":[{"id":38358,"href":"https:\/\/vocesdebaires.com.ar\/index.php\/wp-json\/wp\/v2\/posts\/38356\/revisions\/38358"}],"wp:featuredmedia":[{"embeddable":true,"href":"https:\/\/vocesdebaires.com.ar\/index.php\/wp-json\/wp\/v2\/media\/38357"}],"wp:attachment":[{"href":"https:\/\/vocesdebaires.com.ar\/index.php\/wp-json\/wp\/v2\/media?parent=38356"}],"wp:term":[{"taxonomy":"category","embeddable":true,"href":"https:\/\/vocesdebaires.com.ar\/index.php\/wp-json\/wp\/v2\/categories?post=38356"},{"taxonomy":"post_tag","embeddable":true,"href":"https:\/\/vocesdebaires.com.ar\/index.php\/wp-json\/wp\/v2\/tags?post=38356"}],"curies":[{"name":"wp","href":"https:\/\/api.w.org\/{rel}","templated":true}]}}