{"id":38371,"date":"2022-05-19T00:00:19","date_gmt":"2022-05-19T03:00:19","guid":{"rendered":"https:\/\/vocesdebaires.com.ar\/?p=38371"},"modified":"2022-05-18T23:09:22","modified_gmt":"2022-05-19T02:09:22","slug":"la-ciudadla-orquesta-filarmonica-en-la-usina-del-arte","status":"publish","type":"post","link":"https:\/\/vocesdebaires.com.ar\/index.php\/2022\/05\/19\/la-ciudadla-orquesta-filarmonica-en-la-usina-del-arte\/","title":{"rendered":"La ciudad:La Orquesta Filarm\u00f3nica en la Usina del Arte"},"content":{"rendered":"<p>El viernes 20 de mayo a las 20 la Orquesta Filarm\u00f3nica de Buenos Aires realizar\u00e1 en la Usina del Arte un concierto gratuito que forma parte del ciclo Col\u00f3n en la Ciudad, bajo la direcci\u00f3n musical del maestro invitado Dar\u00edo Dom\u00ednguez, y el contrabajista Pedro Salerno. El programa musical incluir\u00e1 las obras Concierto para Contrabajos y Orquesta de Andr\u00e9s Martin y Sinfon\u00eda N\u00b05 Mi Menor, Op.64 de Piotr I. Tchaikovsky. La Orquesta Filarm\u00f3nica de Buenos Aires obtuvo dos Premios Konex de Platino como la mejor orquesta argentina de las dos \u00faltimas d\u00e9cadas, en 1999 y en 2009. En 2017 la Asociaci\u00f3n de Cr\u00edticos Musicales de la Argentina la distingui\u00f3 con el Premio \u201cMejor Orquesta Sinf\u00f3nica Argentina\u201d de 2016, galard\u00f3n que tambi\u00e9n obtuvo en 2014 y 2012. En el a\u00f1o 2019 recibi\u00f3 el Diploma al M\u00e9rito de la Fundaci\u00f3n Konex en la categor\u00eda orquesta argentina.<\/p>\n","protected":false},"excerpt":{"rendered":"<p>El viernes 20 de mayo a las 20 la Orquesta Filarm\u00f3nica de Buenos Aires realizar\u00e1 en la Usina del Arte un concierto gratuito que forma parte del ciclo Col\u00f3n en la Ciudad, bajo la direcci\u00f3n musical del maestro invitado Dar\u00edo Dom\u00ednguez, y el contrabajista Pedro Salerno. El programa musical incluir\u00e1 las obras Concierto para Contrabajos [&hellip;]<\/p>\n","protected":false},"author":2,"featured_media":38372,"comment_status":"open","ping_status":"open","sticky":false,"template":"","format":"standard","meta":{"_et_pb_use_builder":"","_et_pb_old_content":"","_et_gb_content_width":"","footnotes":""},"categories":[11,33],"tags":[],"class_list":["post-38371","post","type-post","status-publish","format-standard","has-post-thumbnail","hentry","category-ciudad","category-sociedad-y-cultura-2"],"_links":{"self":[{"href":"https:\/\/vocesdebaires.com.ar\/index.php\/wp-json\/wp\/v2\/posts\/38371"}],"collection":[{"href":"https:\/\/vocesdebaires.com.ar\/index.php\/wp-json\/wp\/v2\/posts"}],"about":[{"href":"https:\/\/vocesdebaires.com.ar\/index.php\/wp-json\/wp\/v2\/types\/post"}],"author":[{"embeddable":true,"href":"https:\/\/vocesdebaires.com.ar\/index.php\/wp-json\/wp\/v2\/users\/2"}],"replies":[{"embeddable":true,"href":"https:\/\/vocesdebaires.com.ar\/index.php\/wp-json\/wp\/v2\/comments?post=38371"}],"version-history":[{"count":1,"href":"https:\/\/vocesdebaires.com.ar\/index.php\/wp-json\/wp\/v2\/posts\/38371\/revisions"}],"predecessor-version":[{"id":38373,"href":"https:\/\/vocesdebaires.com.ar\/index.php\/wp-json\/wp\/v2\/posts\/38371\/revisions\/38373"}],"wp:featuredmedia":[{"embeddable":true,"href":"https:\/\/vocesdebaires.com.ar\/index.php\/wp-json\/wp\/v2\/media\/38372"}],"wp:attachment":[{"href":"https:\/\/vocesdebaires.com.ar\/index.php\/wp-json\/wp\/v2\/media?parent=38371"}],"wp:term":[{"taxonomy":"category","embeddable":true,"href":"https:\/\/vocesdebaires.com.ar\/index.php\/wp-json\/wp\/v2\/categories?post=38371"},{"taxonomy":"post_tag","embeddable":true,"href":"https:\/\/vocesdebaires.com.ar\/index.php\/wp-json\/wp\/v2\/tags?post=38371"}],"curies":[{"name":"wp","href":"https:\/\/api.w.org\/{rel}","templated":true}]}}