{"id":38374,"date":"2022-05-19T00:00:41","date_gmt":"2022-05-19T03:00:41","guid":{"rendered":"https:\/\/vocesdebaires.com.ar\/?p=38374"},"modified":"2022-05-18T23:11:12","modified_gmt":"2022-05-19T02:11:12","slug":"ciudad-accede-a-todas-las-busquedas-de-empleo-en-trabajo-ba","status":"publish","type":"post","link":"https:\/\/vocesdebaires.com.ar\/index.php\/2022\/05\/19\/ciudad-accede-a-todas-las-busquedas-de-empleo-en-trabajo-ba\/","title":{"rendered":"Ciudad: Acced\u00e9 a todas las b\u00fasquedas de empleo en Trabajo BA"},"content":{"rendered":"<p>La Ciudad a trav\u00e9s de Trabajo BA publica todos los d\u00edas informaci\u00f3n sobre las b\u00fasquedas laborales en distintos oficios y rubros de Buenos Aires. Las ofertas pueden encontrarse a trav\u00e9s del sitio web o en las cuentas que el \u00e1rea tiene en Facebook y Twitter. A continuaci\u00f3n, una serie de b\u00fasquedas recientes publicadas en el canal de Facebook.<\/p>\n","protected":false},"excerpt":{"rendered":"<p>La Ciudad a trav\u00e9s de Trabajo BA publica todos los d\u00edas informaci\u00f3n sobre las b\u00fasquedas laborales en distintos oficios y rubros de Buenos Aires. Las ofertas pueden encontrarse a trav\u00e9s del sitio web o en las cuentas que el \u00e1rea tiene en Facebook y Twitter. A continuaci\u00f3n, una serie de b\u00fasquedas recientes publicadas en el [&hellip;]<\/p>\n","protected":false},"author":2,"featured_media":38375,"comment_status":"open","ping_status":"open","sticky":false,"template":"","format":"standard","meta":{"_et_pb_use_builder":"","_et_pb_old_content":"","_et_gb_content_width":"","footnotes":""},"categories":[11,33],"tags":[],"class_list":["post-38374","post","type-post","status-publish","format-standard","has-post-thumbnail","hentry","category-ciudad","category-sociedad-y-cultura-2"],"_links":{"self":[{"href":"https:\/\/vocesdebaires.com.ar\/index.php\/wp-json\/wp\/v2\/posts\/38374"}],"collection":[{"href":"https:\/\/vocesdebaires.com.ar\/index.php\/wp-json\/wp\/v2\/posts"}],"about":[{"href":"https:\/\/vocesdebaires.com.ar\/index.php\/wp-json\/wp\/v2\/types\/post"}],"author":[{"embeddable":true,"href":"https:\/\/vocesdebaires.com.ar\/index.php\/wp-json\/wp\/v2\/users\/2"}],"replies":[{"embeddable":true,"href":"https:\/\/vocesdebaires.com.ar\/index.php\/wp-json\/wp\/v2\/comments?post=38374"}],"version-history":[{"count":1,"href":"https:\/\/vocesdebaires.com.ar\/index.php\/wp-json\/wp\/v2\/posts\/38374\/revisions"}],"predecessor-version":[{"id":38376,"href":"https:\/\/vocesdebaires.com.ar\/index.php\/wp-json\/wp\/v2\/posts\/38374\/revisions\/38376"}],"wp:featuredmedia":[{"embeddable":true,"href":"https:\/\/vocesdebaires.com.ar\/index.php\/wp-json\/wp\/v2\/media\/38375"}],"wp:attachment":[{"href":"https:\/\/vocesdebaires.com.ar\/index.php\/wp-json\/wp\/v2\/media?parent=38374"}],"wp:term":[{"taxonomy":"category","embeddable":true,"href":"https:\/\/vocesdebaires.com.ar\/index.php\/wp-json\/wp\/v2\/categories?post=38374"},{"taxonomy":"post_tag","embeddable":true,"href":"https:\/\/vocesdebaires.com.ar\/index.php\/wp-json\/wp\/v2\/tags?post=38374"}],"curies":[{"name":"wp","href":"https:\/\/api.w.org\/{rel}","templated":true}]}}