{"id":38384,"date":"2022-05-20T00:00:49","date_gmt":"2022-05-20T03:00:49","guid":{"rendered":"https:\/\/vocesdebaires.com.ar\/?p=38384"},"modified":"2022-05-19T23:01:33","modified_gmt":"2022-05-20T02:01:33","slug":"ciudadprimer-centro-de-operaciones-completamente-autonomo-sobre-ruedas","status":"publish","type":"post","link":"https:\/\/vocesdebaires.com.ar\/index.php\/2022\/05\/20\/ciudadprimer-centro-de-operaciones-completamente-autonomo-sobre-ruedas\/","title":{"rendered":"Centro de operaciones completamente aut\u00f3nomo sobre ruedas"},"content":{"rendered":"<p>El Gobierno porte\u00f1o puso en funcionamiento la primera Unidad M\u00f3vil de Monitoreo y Denuncias de la Polic\u00eda de la Ciudad (UMD) que incluye todos los servicios de una comisar\u00eda, el 911 y los Centros de Monitoreo Urbano, pero sobre ruedas. Es un nuevo paso en el marco del Plan Integral de Seguridad P\u00fablica para que los vecinos y quienes visitan la Ciudad todos los d\u00edas lo hagan de manera m\u00e1s segura. Con esta Unidad, es posible desplazar a cualquier lugar de la Ciudad todas las funcionalidades tecnol\u00f3gicas que se utilizan para combatir el delito y tambi\u00e9n llevar adelante la toma de denuncias en la v\u00eda p\u00fablica. Se trata de un centro de operaciones completamente aut\u00f3nomo.<\/p>\n<p>Es una herramienta vers\u00e1til que ser\u00e1 utilizada para coordinar el trabajo de la Polic\u00eda en situaciones de allanamientos, toma de rehenes y en la lucha contra el narcotr\u00e1fico; para supervisar los operativos en un partido de f\u00fatbol; tener presencia en recitales y eventos masivos; y en operativos conjuntos fuera de la Ciudad. Adem\u00e1s, es un nuevo punto donde los vecinos pueden hacer la denuncia si sufren un hecho de inseguridad. El cami\u00f3n que soporta la Unidad es un IVECO Tector de 16 toneladas \u2013caracterizado por su modernidad, agilidad y potencia-, que fue totalmente acondicionado para adecuarse al accionar policial en todos los escenarios posibles.<\/p>\n<p><strong>Nueva Unidad M\u00f3vil de Monitoreo y Denuncias<\/strong><br \/>\n<strong>Tres de sus caracter\u00edsticas principales<\/strong>:<br \/>\n<strong>1.<\/strong> Tecnolog\u00eda y conectividad: el cami\u00f3n est\u00e1 conectado con toda la red de c\u00e1maras de videovigilancia de la Ciudad; puede conectarse a la red el\u00e9ctrica de la v\u00eda p\u00fablica u operar de forma aut\u00f3noma; cuenta con conexi\u00f3n satelital y 4G; y con conexi\u00f3n privada a la Red Tetra, la frecuencia de radio utilizada por la Polic\u00eda de la Ciudad.<br \/>\n<strong>2<\/strong>. Infraestructura y equipamiento: la UMD podr\u00e1 ser utilizada como centro de operaciones, y cuenta con todo el equipamiento necesario con tecnolog\u00eda de avanzada al igual que una comisar\u00eda, y una capacidad para que trabajen 8 personas en simult\u00e1neo.<br \/>\n<strong>3.<\/strong> Capacitaci\u00f3n de los agentes: los polic\u00edas que trabajen en la Unidad ganar\u00e1n m\u00e1s experiencia en territorio y estar\u00e1n m\u00e1s cerca de los vecinos, lo que les permitir\u00e1 cumplir cada d\u00eda mejor con su tarea.<\/p>\n<p><strong>El desarrollo del proyecto estuvo a cargo del Ministerio de Justicia y Seguridad de la Ciudad, a trav\u00e9s del \u00e1rea responsable de las innovaciones en el equipamiento inform\u00e1tico y de telecomunicaciones de la Polic\u00eda de la Ciudad.<\/strong><\/p>\n<p><strong>Plan Integral de Seguridad P\u00fablica<\/strong><br \/>\nLa puesta en marcha del Plan, junto con la creaci\u00f3n de la Polic\u00eda de la Ciudad, moderniz\u00f3 y unific\u00f3 el abordaje de la lucha contra el delito. Tiene tres ejes principales: M\u00e1s polic\u00edas en la calle: polic\u00edas capacitados en el Instituto Superior de Seguridad P\u00fablica con un plan de carrera de dos a\u00f1os, bien equipados y cercanos a los vecinos. Tecnolog\u00eda de \u00faltima generaci\u00f3n: se incorporaron c\u00e1maras y lectoras de patente a lo largo del territorio porte\u00f1o, adem\u00e1s de herramientas digitales en las comisar\u00edas para que efectuar una denuncia sea m\u00e1s r\u00e1pido. En toda la Ciudad hay m\u00e1s de 11 mil c\u00e1maras que integran el Sistema de Videovigilancia. Equipamiento de primer nivel: se sumaron nuevos patrulleros inteligentes, camionetas, motoveh\u00edculos, cuatriciclos, entre otros elementos fundamentales para que los agentes puedan realizar su tarea de manera cuidada.<\/p>\n","protected":false},"excerpt":{"rendered":"<p>El Gobierno porte\u00f1o puso en funcionamiento la primera Unidad M\u00f3vil de Monitoreo y Denuncias de la Polic\u00eda de la Ciudad (UMD) que incluye todos los servicios de una comisar\u00eda, el 911 y los Centros de Monitoreo Urbano, pero sobre ruedas. Es un nuevo paso en el marco del Plan Integral de Seguridad P\u00fablica para que [&hellip;]<\/p>\n","protected":false},"author":3,"featured_media":38385,"comment_status":"open","ping_status":"open","sticky":false,"template":"","format":"standard","meta":{"_et_pb_use_builder":"","_et_pb_old_content":"","_et_gb_content_width":"","footnotes":""},"categories":[11,33],"tags":[],"class_list":["post-38384","post","type-post","status-publish","format-standard","has-post-thumbnail","hentry","category-ciudad","category-sociedad-y-cultura-2"],"_links":{"self":[{"href":"https:\/\/vocesdebaires.com.ar\/index.php\/wp-json\/wp\/v2\/posts\/38384"}],"collection":[{"href":"https:\/\/vocesdebaires.com.ar\/index.php\/wp-json\/wp\/v2\/posts"}],"about":[{"href":"https:\/\/vocesdebaires.com.ar\/index.php\/wp-json\/wp\/v2\/types\/post"}],"author":[{"embeddable":true,"href":"https:\/\/vocesdebaires.com.ar\/index.php\/wp-json\/wp\/v2\/users\/3"}],"replies":[{"embeddable":true,"href":"https:\/\/vocesdebaires.com.ar\/index.php\/wp-json\/wp\/v2\/comments?post=38384"}],"version-history":[{"count":3,"href":"https:\/\/vocesdebaires.com.ar\/index.php\/wp-json\/wp\/v2\/posts\/38384\/revisions"}],"predecessor-version":[{"id":38388,"href":"https:\/\/vocesdebaires.com.ar\/index.php\/wp-json\/wp\/v2\/posts\/38384\/revisions\/38388"}],"wp:featuredmedia":[{"embeddable":true,"href":"https:\/\/vocesdebaires.com.ar\/index.php\/wp-json\/wp\/v2\/media\/38385"}],"wp:attachment":[{"href":"https:\/\/vocesdebaires.com.ar\/index.php\/wp-json\/wp\/v2\/media?parent=38384"}],"wp:term":[{"taxonomy":"category","embeddable":true,"href":"https:\/\/vocesdebaires.com.ar\/index.php\/wp-json\/wp\/v2\/categories?post=38384"},{"taxonomy":"post_tag","embeddable":true,"href":"https:\/\/vocesdebaires.com.ar\/index.php\/wp-json\/wp\/v2\/tags?post=38384"}],"curies":[{"name":"wp","href":"https:\/\/api.w.org\/{rel}","templated":true}]}}