{"id":38400,"date":"2022-05-20T00:00:45","date_gmt":"2022-05-20T03:00:45","guid":{"rendered":"https:\/\/vocesdebaires.com.ar\/?p=38400"},"modified":"2022-05-19T23:35:35","modified_gmt":"2022-05-20T02:35:35","slug":"cuerpo-parlamentario-declarohuespedes-de-honor-y-personalidades-destacadas","status":"publish","type":"post","link":"https:\/\/vocesdebaires.com.ar\/index.php\/2022\/05\/20\/cuerpo-parlamentario-declarohuespedes-de-honor-y-personalidades-destacadas\/","title":{"rendered":"La ciudad declar\u00f3:Hu\u00e9spedes de Honor y Personalidades Destacadas"},"content":{"rendered":"<p>En la sesi\u00f3n de ayer jueves el Cuerpo Parlamentario declar\u00f3 diferentes Hu\u00e9spedes de Honor y una Personalidad Destacada de la Ciudad. Jos\u00e9 Crespo Iglesias, alcalde del municipio de Lal\u00edn &#8211; Espa\u00f1a; Rafael Cui\u00f1a Aparicio, alcalde mandato cumplido del mismo municipio; y el Secretario de Estado de Asuntos Exteriores y de Cooperaci\u00f3n de Portugal, Francisco Andr\u00e9, fueron declarados Hu\u00e9spedes de Honor. En tanto, en el \u00e1mbito de la Cultura fue distinguido como Personalidad Destacada el fot\u00f3grafo Gonzalo Lauda.<\/p>\n","protected":false},"excerpt":{"rendered":"<p>En la sesi\u00f3n de ayer jueves el Cuerpo Parlamentario declar\u00f3 diferentes Hu\u00e9spedes de Honor y una Personalidad Destacada de la Ciudad. Jos\u00e9 Crespo Iglesias, alcalde del municipio de Lal\u00edn &#8211; Espa\u00f1a; Rafael Cui\u00f1a Aparicio, alcalde mandato cumplido del mismo municipio; y el Secretario de Estado de Asuntos Exteriores y de Cooperaci\u00f3n de Portugal, Francisco Andr\u00e9, [&hellip;]<\/p>\n","protected":false},"author":2,"featured_media":38401,"comment_status":"open","ping_status":"open","sticky":false,"template":"","format":"standard","meta":{"_et_pb_use_builder":"","_et_pb_old_content":"","_et_gb_content_width":"","footnotes":""},"categories":[11,33],"tags":[],"class_list":["post-38400","post","type-post","status-publish","format-standard","has-post-thumbnail","hentry","category-ciudad","category-sociedad-y-cultura-2"],"_links":{"self":[{"href":"https:\/\/vocesdebaires.com.ar\/index.php\/wp-json\/wp\/v2\/posts\/38400"}],"collection":[{"href":"https:\/\/vocesdebaires.com.ar\/index.php\/wp-json\/wp\/v2\/posts"}],"about":[{"href":"https:\/\/vocesdebaires.com.ar\/index.php\/wp-json\/wp\/v2\/types\/post"}],"author":[{"embeddable":true,"href":"https:\/\/vocesdebaires.com.ar\/index.php\/wp-json\/wp\/v2\/users\/2"}],"replies":[{"embeddable":true,"href":"https:\/\/vocesdebaires.com.ar\/index.php\/wp-json\/wp\/v2\/comments?post=38400"}],"version-history":[{"count":3,"href":"https:\/\/vocesdebaires.com.ar\/index.php\/wp-json\/wp\/v2\/posts\/38400\/revisions"}],"predecessor-version":[{"id":38404,"href":"https:\/\/vocesdebaires.com.ar\/index.php\/wp-json\/wp\/v2\/posts\/38400\/revisions\/38404"}],"wp:featuredmedia":[{"embeddable":true,"href":"https:\/\/vocesdebaires.com.ar\/index.php\/wp-json\/wp\/v2\/media\/38401"}],"wp:attachment":[{"href":"https:\/\/vocesdebaires.com.ar\/index.php\/wp-json\/wp\/v2\/media?parent=38400"}],"wp:term":[{"taxonomy":"category","embeddable":true,"href":"https:\/\/vocesdebaires.com.ar\/index.php\/wp-json\/wp\/v2\/categories?post=38400"},{"taxonomy":"post_tag","embeddable":true,"href":"https:\/\/vocesdebaires.com.ar\/index.php\/wp-json\/wp\/v2\/tags?post=38400"}],"curies":[{"name":"wp","href":"https:\/\/api.w.org\/{rel}","templated":true}]}}