{"id":38414,"date":"2022-05-23T00:00:06","date_gmt":"2022-05-23T03:00:06","guid":{"rendered":"https:\/\/vocesdebaires.com.ar\/?p=38414"},"modified":"2022-05-22T18:43:49","modified_gmt":"2022-05-22T21:43:49","slug":"ciudad-agilizan-la-atencion-de-casos-de-alto-riesgo-por-violencia-de-genero","status":"publish","type":"post","link":"https:\/\/vocesdebaires.com.ar\/index.php\/2022\/05\/23\/ciudad-agilizan-la-atencion-de-casos-de-alto-riesgo-por-violencia-de-genero\/","title":{"rendered":"Ciudad: Agilizan la atenci\u00f3n de casos de alto riesgo por violencia de g\u00e9nero"},"content":{"rendered":"<p>Los Ministerios de Justicia y Seguridad y de Desarrollo y H\u00e1bitat del Gobierno de la Ciudad, suscribieron un convenio para agilizar la transferencia de llamadas entre las l\u00edneas 144, de atenci\u00f3n y asesoramiento por violencia de g\u00e9nero, y el 911. De esta manera, cuando las comunicaciones sean consideradas de \u201calto riesgo\u201d, se derivar\u00e1n a trav\u00e9s de un bot\u00f3n especial autom\u00e1ticamente al 911, acelerando la llegada de la Polic\u00eda de la Ciudad, permitiendo dar una respuesta m\u00e1s r\u00e1pida y eficaz, previniendo situaciones que puedan desencadenar en hechos letales. El convenio fue firmado por la directora de Violencia de G\u00e9nero del Ministerio de Justicia y Seguridad, Mariana Di Palma, y la directora general de la Mujer, del Ministerio de Desarrollo Humano y H\u00e1bitat, Carolina Barone.<\/p>\n<p>Tambi\u00e9n estuvieron presentes los subsecretarios de Justicia, Jorge Djivaris, y de Fortalecimiento, Personal, Familiar y Comunitario, Mauricio Giraudo. \u201cDesde el 2019 a abril de 2022, las operadoras de la L\u00ednea 144 CABA debieron intervenir en 981 desplazamientos por alt\u00edsimo riesgo desde la Central de la L\u00ednea 144 al 911, previniendo esta gesti\u00f3n conjunta, en todos los casos hechos letales. Es un gran paso que damos entre ambos ministerios para la transferencia inmediata de las llamadas de emergencia y, por otro lado, la posibilidad de hacer seguimiento de estos casos\u201d, afirm\u00f3 Carolina Barone, directora general de la mujer del Gobierno de la Ciudad de Buenos Aires.<\/p>\n<p>El convenio, adem\u00e1s, incorpora las comunicaciones que lleguen por chat a trav\u00e9s de Boti (11 5050 &#8211; 0147) y sean derivadas a las operadoras de la l\u00ednea 144 de la Ciudad. Muchas veces, las mujeres v\u00edctimas de violencia no pueden realizar una llamada por estar en el mismo sitio con sus victimarios y por eso la incorporaci\u00f3n de esta herramienta es esencial. De la misma manera, cuando una persona se contacte al Sistema de Emergencias 911 solicitando \u00fanicamente informaci\u00f3n, asesoramiento y contenci\u00f3n relacionada a la tem\u00e1tica de violencia de g\u00e9nero y que no impliquen situaciones graves, la llamada ser\u00e1 transferida a la Central de la L\u00ednea 144 para que ser atendida por una profesional de la Direcci\u00f3n General de la Mujer.<\/p>\n","protected":false},"excerpt":{"rendered":"<p>Los Ministerios de Justicia y Seguridad y de Desarrollo y H\u00e1bitat del Gobierno de la Ciudad, suscribieron un convenio para agilizar la transferencia de llamadas entre las l\u00edneas 144, de atenci\u00f3n y asesoramiento por violencia de g\u00e9nero, y el 911. De esta manera, cuando las comunicaciones sean consideradas de \u201calto riesgo\u201d, se derivar\u00e1n a trav\u00e9s [&hellip;]<\/p>\n","protected":false},"author":2,"featured_media":38415,"comment_status":"open","ping_status":"open","sticky":false,"template":"","format":"standard","meta":{"_et_pb_use_builder":"","_et_pb_old_content":"","_et_gb_content_width":"","footnotes":""},"categories":[11,33],"tags":[],"class_list":["post-38414","post","type-post","status-publish","format-standard","has-post-thumbnail","hentry","category-ciudad","category-sociedad-y-cultura-2"],"_links":{"self":[{"href":"https:\/\/vocesdebaires.com.ar\/index.php\/wp-json\/wp\/v2\/posts\/38414"}],"collection":[{"href":"https:\/\/vocesdebaires.com.ar\/index.php\/wp-json\/wp\/v2\/posts"}],"about":[{"href":"https:\/\/vocesdebaires.com.ar\/index.php\/wp-json\/wp\/v2\/types\/post"}],"author":[{"embeddable":true,"href":"https:\/\/vocesdebaires.com.ar\/index.php\/wp-json\/wp\/v2\/users\/2"}],"replies":[{"embeddable":true,"href":"https:\/\/vocesdebaires.com.ar\/index.php\/wp-json\/wp\/v2\/comments?post=38414"}],"version-history":[{"count":1,"href":"https:\/\/vocesdebaires.com.ar\/index.php\/wp-json\/wp\/v2\/posts\/38414\/revisions"}],"predecessor-version":[{"id":38416,"href":"https:\/\/vocesdebaires.com.ar\/index.php\/wp-json\/wp\/v2\/posts\/38414\/revisions\/38416"}],"wp:featuredmedia":[{"embeddable":true,"href":"https:\/\/vocesdebaires.com.ar\/index.php\/wp-json\/wp\/v2\/media\/38415"}],"wp:attachment":[{"href":"https:\/\/vocesdebaires.com.ar\/index.php\/wp-json\/wp\/v2\/media?parent=38414"}],"wp:term":[{"taxonomy":"category","embeddable":true,"href":"https:\/\/vocesdebaires.com.ar\/index.php\/wp-json\/wp\/v2\/categories?post=38414"},{"taxonomy":"post_tag","embeddable":true,"href":"https:\/\/vocesdebaires.com.ar\/index.php\/wp-json\/wp\/v2\/tags?post=38414"}],"curies":[{"name":"wp","href":"https:\/\/api.w.org\/{rel}","templated":true}]}}