{"id":38417,"date":"2022-05-23T00:00:48","date_gmt":"2022-05-23T03:00:48","guid":{"rendered":"https:\/\/vocesdebaires.com.ar\/?p=38417"},"modified":"2022-05-22T18:52:48","modified_gmt":"2022-05-22T21:52:48","slug":"arte-amia-inaugurala-muestra-fotografica-jorge-vernazza-es-asi","status":"publish","type":"post","link":"https:\/\/vocesdebaires.com.ar\/index.php\/2022\/05\/23\/arte-amia-inaugurala-muestra-fotografica-jorge-vernazza-es-asi\/","title":{"rendered":"Arte AMIA inaugura,la muestra fotogr\u00e1fica \u201cJorge Vernazza es as\u00ed\u201d"},"content":{"rendered":"<p>\u201cUn trabajo sobre la llamada cuarta edad, que lo llev\u00e9 adelante retratando a mi pap\u00e1, registrando su vida diaria y todo el esfuerzo que dedica para ejercitar su memoria a corto y largo plazo, y no perder sus recuerdos.\u201dCon estas palabras, el reconocido reportero gr\u00e1fico Maximiliano Vernazza defini\u00f3 el esp\u00edritu de su \u00faltima labor fotogr\u00e1fica, que tiene como nombre \u201cJorge Vernazza es as\u00ed\u201d, y que quedar\u00e1 inaugurada el martes 24 de mayo, a las 18, en el Espacio de Arte AMIA, Pasteur 633. Con curadur\u00eda de Elio Kapszuk, la exhibici\u00f3n est\u00e1 compuesta por im\u00e1genes que muestran al padre de Maximiliano, en diferentes escenas cotidianas: en su jard\u00edn, en el living de su casa, en la calle y hasta mirando a c\u00e1mara en un lograd\u00edsimo retrato.<\/p>\n<p>\u201cSiempre me llam\u00f3 la atenci\u00f3n la energ\u00eda que puso para buscar espacios o actividades, con los que pod\u00eda llegar a compensar las distintas p\u00e9rdidas que tuvo como consecuencia de la edad, como el hecho, por ejemplo, de dejar de trabajar en su consultorio odontol\u00f3gico, despu\u00e9s de 50 a\u00f1os, o dejar de manejar\u201d, relata Maximiliano. \u201cSiempre quise hacer alg\u00fan trabajo fotogr\u00e1fico con \u00e9l, y hace un a\u00f1o lo empec\u00e9 a registrar, pero sin tener mucha idea de lo que saldr\u00eda. Y result\u00f3 que, en principio, me di cuenta de que gracias a lo que estaba haciendo, logr\u00e9 revincularme con mi pap\u00e1 de otra manera, y pasar m\u00e1s tiempo con \u00e9l\u201d, cuenta.<\/p>\n<p>La idea de poder exponer las fotograf\u00edas lleg\u00f3 muchos meses despu\u00e9s cuando el artista y reportero gr\u00e1fico le mostr\u00f3 al director del Departamento de Arte y Producci\u00f3n de AMIA, Elio Kapszuk, el contenido que hab\u00eda producido. \u201cEsto hay que mostrarlo ahora. Tu pap\u00e1 lo tiene que ver en plenitud\u201d, le dijo el curador. En el texto curatorial de la exposici\u00f3n, Kapszuk advierte: \u201cMucho se ha escrito y hablado sobre la protecci\u00f3n o coraza que tienen los fot\u00f3grafos cuando est\u00e1n del otro lado de la c\u00e1mara. A veces esa distancia es necesaria para crear. Pero tambi\u00e9n existe un prejuicio que dice que la cercan\u00eda, el involucramiento, tiene un efecto kryptonita en los fot\u00f3grafos.<\/p>\n<p>En este trabajo vemos c\u00f3mo Maxi Vernazza sale airoso de cualquier concepci\u00f3n previa: su obra respira sola. Y nos inspira\u201d. En palabras del curador, la muestra \u201cnos ense\u00f1a la labor viva de Vernazza retratando\/registrando a su padre. Este proyecto propone una entrega absoluta, lleva a cero la distancia protectora y pone al artista en la situaci\u00f3n m\u00e1s maravillosa. Tambi\u00e9n la m\u00e1s vulnerable: mostrar sus afectos sin artilugios ni maquillajes. Las im\u00e1genes parecen tan simples y comunes que nos generan una profunda empat\u00eda basada en la sensibilidad que produce lo espont\u00e1neo.\u201d<\/p>\n<p><strong>Jorge Vernazza es as\u00ed<\/strong><br \/>\nEl pap\u00e1 de Maximiliano tiene 90 a\u00f1os. Est\u00e1 casado con Nilda y es padre de tres hijos. La muestra \u201cJorge Vernazza es as\u00ed\u201d lo capta en toda su esencia. \u201cVemos c\u00f3mo \u00e9l va cambiando con el paso del tiempo, pero est\u00e1 la familia para acompa\u00f1arlo y sostenerlo\u201d, se\u00f1ala el fot\u00f3grafo. \u201cCuando se jubil\u00f3, comenz\u00f3 a estudiar Italiano. Tiene como hobby cuidar bons\u00e1is. Dio clase incluso en el Jard\u00edn Japon\u00e9s, y se dedic\u00f3 tambi\u00e9n a la cer\u00e1mica, y particip\u00f3 de varios coros.<\/p>\n<p>Ahora va a una psic\u00f3loga especialista en gerontolog\u00eda y hace gimnasia en grupo y tambi\u00e9n ejercicios para fortalecer la memoria\u201d, comenta su hijo, para quien esa b\u00fasqueda por mantenerse activo lo motiv\u00f3 para realizar las fotograf\u00edas que el martes comenzar\u00e1n a estar exhibidas. Con entrada libre y gratuita, la muestra se podr\u00e1 visitar de lunes a jueves de 10 a 19 , y los viernes de 10 a 16. Se debe concurrir con DNI.<\/p>\n<p><strong>Sobre Maximiliano Vernazza<\/strong><br \/>\nMaximiliano Vernazza (Buenos Aires, 1971) comenz\u00f3 sus primeros cursos de fotograf\u00eda en el Sindicato de Empleados de Comercio en 1990. Su inter\u00e9s principal desde esos inicios fue el fotoperiodismo, y en 1996 realiz\u00f3 un taller en la Asociaci\u00f3n de Reporteros Gr\u00e1ficos de la Rep\u00fablica Argentina (ARGRA). Se especializ\u00f3 con fot\u00f3grafos de gran trayectoria. En 1997 ingres\u00f3 a Editorial Atl\u00e1ntida, donde trabaj\u00f3 para revistas como El Gr\u00e1fico, Para Ti, Billiken y Gente, hasta marzo de 2019.Desde diciembre de 2019 es el Jefe del Departamento de Fotograf\u00eda de La Honorable C\u00e1mara de Diputados de La Naci\u00f3n.<\/p>\n<p>En el a\u00f1o 1999 recibi\u00f3 el Premio PLEYADE a la mejor foto period\u00edstica del a\u00f1o (Asociaci\u00f3n de Editores de Revistas), por su retrato de Diego Armando Maradona en su intimidad. Ha participado en todas las muestras anuales de la Asociaci\u00f3n de Reporteros Gr\u00e1ficos de la Rep\u00fablica Argentina (ARGRA) entre los a\u00f1os 1997 y 2022. Principales muestras individuales: El Charly que yo conozco en el Centro Cultural Recoleta (2011), la Casa Municipal de la Cultura de Adrogu\u00e9 (2011), el Teatro Argentino de La Plata (2011), Teatro Auditorium de Mar del Plata(2012); Hotel Panamericano de Bariloche (2012); La Nave Cultural de Mendoza (2012); 5ta. Bienal de Fotograf\u00eda documental de Tucum\u00e1n (2012); Casa de la Cultura de Vicente L\u00f3pez (2012); Museo de la Ciudad de Pergamino (2013); Plataforma Lavard\u00e9n de la ciudad de Rosario (2013).<\/p>\n<p>Charly en la Fotogaler\u00eda del Teatro San Mart\u00edn (2014), Centro Cultural San Jos\u00e9 de la ciudad de Olavarr\u00eda (2014), La Casa de Cultura de Escobar (2016), el Centro Cultural Kirchner (2016), C\u00e1mara de Diputados de la Provincia de Buenos Aires (2017), Congreso de la Naci\u00f3n (2017), Planetario Galileo Galilei (2021), Tecn\u00f3polis (2021), Casa de las Culturas de la Ciudad de Neuqu\u00e9n (2022). Once en el Espacio de Arte AMIA (2018), C\u00e1mara de Diputados de la Provincia de Buenos Aires (2019).<\/p>\n","protected":false},"excerpt":{"rendered":"<p>\u201cUn trabajo sobre la llamada cuarta edad, que lo llev\u00e9 adelante retratando a mi pap\u00e1, registrando su vida diaria y todo el esfuerzo que dedica para ejercitar su memoria a corto y largo plazo, y no perder sus recuerdos.\u201dCon estas palabras, el reconocido reportero gr\u00e1fico Maximiliano Vernazza defini\u00f3 el esp\u00edritu de su \u00faltima labor fotogr\u00e1fica, [&hellip;]<\/p>\n","protected":false},"author":2,"featured_media":38418,"comment_status":"open","ping_status":"open","sticky":false,"template":"","format":"standard","meta":{"_et_pb_use_builder":"","_et_pb_old_content":"","_et_gb_content_width":"","footnotes":""},"categories":[11,33],"tags":[],"class_list":["post-38417","post","type-post","status-publish","format-standard","has-post-thumbnail","hentry","category-ciudad","category-sociedad-y-cultura-2"],"_links":{"self":[{"href":"https:\/\/vocesdebaires.com.ar\/index.php\/wp-json\/wp\/v2\/posts\/38417"}],"collection":[{"href":"https:\/\/vocesdebaires.com.ar\/index.php\/wp-json\/wp\/v2\/posts"}],"about":[{"href":"https:\/\/vocesdebaires.com.ar\/index.php\/wp-json\/wp\/v2\/types\/post"}],"author":[{"embeddable":true,"href":"https:\/\/vocesdebaires.com.ar\/index.php\/wp-json\/wp\/v2\/users\/2"}],"replies":[{"embeddable":true,"href":"https:\/\/vocesdebaires.com.ar\/index.php\/wp-json\/wp\/v2\/comments?post=38417"}],"version-history":[{"count":1,"href":"https:\/\/vocesdebaires.com.ar\/index.php\/wp-json\/wp\/v2\/posts\/38417\/revisions"}],"predecessor-version":[{"id":38420,"href":"https:\/\/vocesdebaires.com.ar\/index.php\/wp-json\/wp\/v2\/posts\/38417\/revisions\/38420"}],"wp:featuredmedia":[{"embeddable":true,"href":"https:\/\/vocesdebaires.com.ar\/index.php\/wp-json\/wp\/v2\/media\/38418"}],"wp:attachment":[{"href":"https:\/\/vocesdebaires.com.ar\/index.php\/wp-json\/wp\/v2\/media?parent=38417"}],"wp:term":[{"taxonomy":"category","embeddable":true,"href":"https:\/\/vocesdebaires.com.ar\/index.php\/wp-json\/wp\/v2\/categories?post=38417"},{"taxonomy":"post_tag","embeddable":true,"href":"https:\/\/vocesdebaires.com.ar\/index.php\/wp-json\/wp\/v2\/tags?post=38417"}],"curies":[{"name":"wp","href":"https:\/\/api.w.org\/{rel}","templated":true}]}}