{"id":38431,"date":"2022-05-23T00:00:46","date_gmt":"2022-05-23T03:00:46","guid":{"rendered":"https:\/\/vocesdebaires.com.ar\/?p=38431"},"modified":"2022-05-22T19:10:29","modified_gmt":"2022-05-22T22:10:29","slug":"obra-teatral-sobre-genero-declarada-de-interes-cultural","status":"publish","type":"post","link":"https:\/\/vocesdebaires.com.ar\/index.php\/2022\/05\/23\/obra-teatral-sobre-genero-declarada-de-interes-cultural\/","title":{"rendered":"Obra teatral sobre g\u00e9nero, declarada de inter\u00e9s cultural"},"content":{"rendered":"<p>El legislador de la ciudad Guouman entreg\u00f3 la distinci\u00f3n al ciclo teatral y campa\u00f1a de concientizaci\u00f3n sobre femicidios \u201c\u00bfCu\u00e1ntas son muchas?\u201d. La pieza dram\u00e1tica dirigida por Valeria Lorca pas\u00f3 por diversos escenarios: el Espacio Cultural Carlos Gardel (Olleros 3640, Comuna 15) y actualmente en El Cultural San Mart\u00edn (Sarmiento 1551, Comuna 1). La coautora de la Declaraci\u00f3n de Inter\u00e9s, legisladora porte\u00f1a Gimena Villafruela (VJ), explic\u00f3 que si bien el argumento \u201crefleja una situaci\u00f3n en M\u00e9xico, el problema es universal\u201d, ya que como puntualiz\u00f3 Carolina Barone, directora general de la Mujer del gobierno porte\u00f1o, en \u201cel subcontinente donde m\u00e1s femicidios ocurren\u201d y que en la ciudad \u201c8 de cada 10 mujeres asesinadas, son por violencia de g\u00e9nero\u201d. Como puntualiza la declaraci\u00f3n: \u201cLa obra est\u00e1 basada en el libro \u00abMujeres de arena\u00bb de Humberto Robles, la pieza teatral busca sumergirse en la problem\u00e1tica de los femicidios, visibilizando esta realidad en nuestra sociedad a partir de una producci\u00f3n esc\u00e9nica basada en testimonios y casos reales\u201d.<\/p>\n<p>Ya que a trav\u00e9s del arte se crea \u201cun canal de expresi\u00f3n \u00f3ptimo para impulsar debates que nos ayuden a mejorar como sociedad en los temas que realmente importan\u201d. La directora Lorca remarc\u00f3 que no hay que olvidarse que \u201casesinan a una mujer por d\u00eda en el pa\u00eds\u201d. El Ministerio de Cultura de la Ciudad Aut\u00f3noma de Buenos Aires, a trav\u00e9s de la Direcci\u00f3n General de Promoci\u00f3n del Libro, las Bibliotecas y la Cultura, junto con el Centro Cultural San Mart\u00edn, en articulaci\u00f3n con la Direcci\u00f3n General de la Mujer, la Subsecretar\u00eda de Gesti\u00f3n Comunal, a trav\u00e9s de la Direcci\u00f3n General Relaciones con la Comunidad, y la Defensor\u00eda del Pueblo de la Ciudad Aut\u00f3noma de Buenos Aires son las diversas \u00e1reas que contribuyeron a la obra teatral en su realizaci\u00f3n y difusi\u00f3n.<\/p>\n","protected":false},"excerpt":{"rendered":"<p>El legislador de la ciudad Guouman entreg\u00f3 la distinci\u00f3n al ciclo teatral y campa\u00f1a de concientizaci\u00f3n sobre femicidios \u201c\u00bfCu\u00e1ntas son muchas?\u201d. La pieza dram\u00e1tica dirigida por Valeria Lorca pas\u00f3 por diversos escenarios: el Espacio Cultural Carlos Gardel (Olleros 3640, Comuna 15) y actualmente en El Cultural San Mart\u00edn (Sarmiento 1551, Comuna 1). La coautora de [&hellip;]<\/p>\n","protected":false},"author":2,"featured_media":38432,"comment_status":"open","ping_status":"open","sticky":false,"template":"","format":"standard","meta":{"_et_pb_use_builder":"","_et_pb_old_content":"","_et_gb_content_width":"","footnotes":""},"categories":[11,33],"tags":[],"class_list":["post-38431","post","type-post","status-publish","format-standard","has-post-thumbnail","hentry","category-ciudad","category-sociedad-y-cultura-2"],"_links":{"self":[{"href":"https:\/\/vocesdebaires.com.ar\/index.php\/wp-json\/wp\/v2\/posts\/38431"}],"collection":[{"href":"https:\/\/vocesdebaires.com.ar\/index.php\/wp-json\/wp\/v2\/posts"}],"about":[{"href":"https:\/\/vocesdebaires.com.ar\/index.php\/wp-json\/wp\/v2\/types\/post"}],"author":[{"embeddable":true,"href":"https:\/\/vocesdebaires.com.ar\/index.php\/wp-json\/wp\/v2\/users\/2"}],"replies":[{"embeddable":true,"href":"https:\/\/vocesdebaires.com.ar\/index.php\/wp-json\/wp\/v2\/comments?post=38431"}],"version-history":[{"count":1,"href":"https:\/\/vocesdebaires.com.ar\/index.php\/wp-json\/wp\/v2\/posts\/38431\/revisions"}],"predecessor-version":[{"id":38433,"href":"https:\/\/vocesdebaires.com.ar\/index.php\/wp-json\/wp\/v2\/posts\/38431\/revisions\/38433"}],"wp:featuredmedia":[{"embeddable":true,"href":"https:\/\/vocesdebaires.com.ar\/index.php\/wp-json\/wp\/v2\/media\/38432"}],"wp:attachment":[{"href":"https:\/\/vocesdebaires.com.ar\/index.php\/wp-json\/wp\/v2\/media?parent=38431"}],"wp:term":[{"taxonomy":"category","embeddable":true,"href":"https:\/\/vocesdebaires.com.ar\/index.php\/wp-json\/wp\/v2\/categories?post=38431"},{"taxonomy":"post_tag","embeddable":true,"href":"https:\/\/vocesdebaires.com.ar\/index.php\/wp-json\/wp\/v2\/tags?post=38431"}],"curies":[{"name":"wp","href":"https:\/\/api.w.org\/{rel}","templated":true}]}}