{"id":38448,"date":"2022-05-24T00:00:22","date_gmt":"2022-05-24T03:00:22","guid":{"rendered":"https:\/\/vocesdebaires.com.ar\/?p=38448"},"modified":"2022-05-23T23:49:28","modified_gmt":"2022-05-24T02:49:28","slug":"programas-de-jovenes-por-jovenescontinua-la-inscripcion-para-ba","status":"publish","type":"post","link":"https:\/\/vocesdebaires.com.ar\/index.php\/2022\/05\/24\/programas-de-jovenes-por-jovenescontinua-la-inscripcion-para-ba\/","title":{"rendered":"Programas de j\u00f3venes por j\u00f3venes:Contin\u00faa la inscripci\u00f3n BA"},"content":{"rendered":"<p>Contin\u00faa la inscripci\u00f3n a la segunda edici\u00f3n de BA Multiplica, el programa de formaci\u00f3n virtual de \u00abj\u00f3venes por j\u00f3venes\u00bb, un curso virtual y sin costo presentado por j\u00f3venes promotores que capacitar\u00e1n a sus pares para que puedan desarrollar habilidades blandas y digitales que fortalezcan sus condiciones de empleabilidad. Organizado por el Ministerio de Desarrollo Econ\u00f3mico y Producci\u00f3n, a trav\u00e9s de la Direcci\u00f3n General Pol\u00edticas de Juventud de la Ciudad, BA Multiplica tiene por objetivo promover la inclusi\u00f3n y la participaci\u00f3n en el \u00e1mbito laboral, educativo, social y comunitario, ya que ofrece conocimientos y herramientas tecnol\u00f3gicas requeridas en el mercado y para la acci\u00f3n ciudadana. Pueden participar j\u00f3venes de todo el pa\u00eds de entre 16 y 35 a\u00f1os que quieran capacitarse y transformarse en agentes de cambio en futuros \u00e1mbitos laborales. El curso comienza el 2 de junio con una duraci\u00f3n de ocho semanas (siete m\u00f3dulos).<\/p>\n<p><strong>Per\u00edodo de inscripci\u00f3n<\/strong><br \/>\n<strong>Comenz\u00f3 el 10 de mayo y finaliza este 25 de mayo de 2022 a las 23:59 h.<\/strong><\/p>\n<p><strong>Descripci\u00f3n y M\u00f3dulos <\/strong><br \/>\n<strong>La capacitaci\u00f3n ser\u00e1 virtual, en encuentros de dos horas. Se ofrecer\u00e1n certificados para quienes completen todo el programa, que consta de los siguientes m\u00f3dulos:<\/strong><\/p>\n<p>Microsoft Powerpoint y desarrollo del pensamiento creativo: Acerca datos sobre diapositivas, dise\u00f1o, textos y tablas. Ense\u00f1a a insertar im\u00e1genes y gr\u00e1ficos. Tambi\u00e9n ayuda a realizar presentaciones de diapositivas, animaciones con audio y video. Permite aprender a compartir y trabajar en co-autor\u00eda. Microsoft Excel y an\u00e1lisis de datos: Presenta conocimientos sobre hojas de c\u00e1lculo, filas, columnas, celdas, formato, f\u00f3rmulas, funciones, tablas, gr\u00e1ficos y m\u00e1s.<\/p>\n<p>Programaci\u00f3n, dise\u00f1o Web y pensamiento l\u00f3gico formal: Permite aprender a configurar el entorno de desarrollo, a usar Visual Studio Code, a crear archivos para un sitio web y a escribir en c\u00f3digo HTML, CSS y Javascript Linkedin y b\u00fasqueda de empleo (contenido asincr\u00f3nico): Permite aprender a crear un CV y perfil de LinkedIn eficaz para la b\u00fasqueda de empleo a trav\u00e9s de Internet.<\/p>\n<p><strong>Tem\u00e1ticas relacionadas con g\u00e9nero:<\/strong><br \/>\nIgualdad de g\u00e9nero en \u00e1mbitos laborales: aborda conceptos y definiciones fundamentales. Facilita nociones sobre contexto actual y el marco legal. Presenta las diferentes redes comunitarias y estatales que promueven la igualdad de derechos hacia mujeres, las diversidades y la lucha contra la violencia de g\u00e9nero.<br \/>\n<strong>Tem\u00e1ticas relacionadas con el consumo responsable:<\/strong><br \/>\nTaller de reflexi\u00f3n sobre la construcci\u00f3n social de la problem\u00e1tica del consumo: acerca nociones para la deconstrucci\u00f3n de falsas creencias y prejuicios del consumo de sustancias psicoactivas. Ofrece un espacio para la reflexi\u00f3n y la interacci\u00f3n de los participantes.<br \/>\n<strong>Tem\u00e1ticas relacionadas con el ambiente:<\/strong><br \/>\nEmpleo verde y sustentabilidad en el \u00e1mbito laboral (contenido asincr\u00f3nico): aborda conocimientos sobre las buenas pr\u00e1cticas ambientales dentro de las empresas. Presenta la importancia y sostenibilidad de pol\u00edticas p\u00fablicas que prioricen pr\u00e1cticas ambientales activas.<\/p>\n","protected":false},"excerpt":{"rendered":"<p>Contin\u00faa la inscripci\u00f3n a la segunda edici\u00f3n de BA Multiplica, el programa de formaci\u00f3n virtual de \u00abj\u00f3venes por j\u00f3venes\u00bb, un curso virtual y sin costo presentado por j\u00f3venes promotores que capacitar\u00e1n a sus pares para que puedan desarrollar habilidades blandas y digitales que fortalezcan sus condiciones de empleabilidad. Organizado por el Ministerio de Desarrollo Econ\u00f3mico [&hellip;]<\/p>\n","protected":false},"author":2,"featured_media":38449,"comment_status":"open","ping_status":"open","sticky":false,"template":"","format":"standard","meta":{"_et_pb_use_builder":"","_et_pb_old_content":"","_et_gb_content_width":"","footnotes":""},"categories":[11,33],"tags":[],"class_list":["post-38448","post","type-post","status-publish","format-standard","has-post-thumbnail","hentry","category-ciudad","category-sociedad-y-cultura-2"],"_links":{"self":[{"href":"https:\/\/vocesdebaires.com.ar\/index.php\/wp-json\/wp\/v2\/posts\/38448"}],"collection":[{"href":"https:\/\/vocesdebaires.com.ar\/index.php\/wp-json\/wp\/v2\/posts"}],"about":[{"href":"https:\/\/vocesdebaires.com.ar\/index.php\/wp-json\/wp\/v2\/types\/post"}],"author":[{"embeddable":true,"href":"https:\/\/vocesdebaires.com.ar\/index.php\/wp-json\/wp\/v2\/users\/2"}],"replies":[{"embeddable":true,"href":"https:\/\/vocesdebaires.com.ar\/index.php\/wp-json\/wp\/v2\/comments?post=38448"}],"version-history":[{"count":2,"href":"https:\/\/vocesdebaires.com.ar\/index.php\/wp-json\/wp\/v2\/posts\/38448\/revisions"}],"predecessor-version":[{"id":38451,"href":"https:\/\/vocesdebaires.com.ar\/index.php\/wp-json\/wp\/v2\/posts\/38448\/revisions\/38451"}],"wp:featuredmedia":[{"embeddable":true,"href":"https:\/\/vocesdebaires.com.ar\/index.php\/wp-json\/wp\/v2\/media\/38449"}],"wp:attachment":[{"href":"https:\/\/vocesdebaires.com.ar\/index.php\/wp-json\/wp\/v2\/media?parent=38448"}],"wp:term":[{"taxonomy":"category","embeddable":true,"href":"https:\/\/vocesdebaires.com.ar\/index.php\/wp-json\/wp\/v2\/categories?post=38448"},{"taxonomy":"post_tag","embeddable":true,"href":"https:\/\/vocesdebaires.com.ar\/index.php\/wp-json\/wp\/v2\/tags?post=38448"}],"curies":[{"name":"wp","href":"https:\/\/api.w.org\/{rel}","templated":true}]}}