{"id":38452,"date":"2022-05-24T00:00:25","date_gmt":"2022-05-24T03:00:25","guid":{"rendered":"https:\/\/vocesdebaires.com.ar\/?p=38452"},"modified":"2022-05-23T23:57:19","modified_gmt":"2022-05-24T02:57:19","slug":"amos-linetsky-es-el-nuevo-presidente-de-amia-y-asumira-en-junio","status":"publish","type":"post","link":"https:\/\/vocesdebaires.com.ar\/index.php\/2022\/05\/24\/amos-linetsky-es-el-nuevo-presidente-de-amia-y-asumira-en-junio\/","title":{"rendered":"Amos Linetsky es el nuevo presidente de AMIA y asumir\u00e1 en  junio"},"content":{"rendered":"<p>Tras la sesi\u00f3n de la Asamblea de Representantes de Socios (RAT), cuya composici\u00f3n de 90 integrantes surgi\u00f3 de los comicios realizados el pasado 10 de abril, esta noche qued\u00f3 conformada la nueva Comisi\u00f3n Directiva de AMIA, que ser\u00e1 presidida por Amos Linetsky. Integrante del Bloque Unido Religioso (BUR), lista que en las elecciones pasadas se alz\u00f3 con la mayor\u00eda de los votos, Amos Linetsky tiene 42 a\u00f1os, es abogado, est\u00e1 casado y tiene tres hijos.<\/p>\n<p>Egresado con diploma de honor de la Universidad Nacional de Buenos Aires en 2003, y matriculado tanto en la Argentina como en Israel, Amos Linetzky cuenta con una s\u00f3lida trayectoria acad\u00e9mica, profesional y como dirigente voluntario. En 2007, finaliz\u00f3 un M\u00e1ster en Derecho Internacional en la Universidad Hebrea de Jerusalem. Anteriormente, en 2004, hab\u00eda completado el M\u00e1ster en \u201cDerecho a la Integraci\u00f3n Econ\u00f3mica\u201d, que dictaron en alianza la Universidad Par\u00eds Sorbonne y la Universidad del Salvador de Argentina.<\/p>\n<p>En el plano laboral, se desempe\u00f1a como asesor legal, en temas de contratos internacionales, participaci\u00f3n de compa\u00f1\u00edas en licitaciones p\u00fablicas, derecho corporativo, empresarial y administrativo, propiedad intelectual, entre otros. La nueva Comisi\u00f3n Directiva de la instituci\u00f3n, que qued\u00f3 constituida hoy, asumir\u00e1 el pr\u00f3ximo martes 7 de junio, en un acto que se realizar\u00e1 en el auditorio de la sede de la calle Pasteur 633.<\/p>\n<p><strong>La siguiente es la n\u00f3mina completa de integrantes de la conducci\u00f3n de la entidad para el ciclo 2022-2025:<\/strong><\/p>\n<p>Presidente: Amos Linetzky<br \/>\nSecretario general: Gabriel Gorenstein<br \/>\nTesorero: Ariel Halper\u00edn<br \/>\nVicepresidente 1\u00b0: Lazar Hamra<br \/>\nVicepresidente 2\u00b0: Daniel Sapoznicoff<br \/>\nProsecretario 1\u00b0: Gustavo Sakkal<br \/>\nProsecretario 2\u00b0: Pablo Juejati<br \/>\nProtesorero 1\u00b0: Ariel Gordon<br \/>\nProtesorero 2\u00b0: Isaac Salmun<\/p>\n<p>Secretario de actas: Daniel Danon<br \/>\nVocales: Javier Stolovitzky, H\u00e9ctor Borger, Marcos Ohana, Daniel Benayon, David Jmelnitzky, Adri\u00e1n Berolsky, Dar\u00edo Grunberg, Gabriel Traiman, Marina Degtiar, Ra\u00fal Stolarza y Mario Altman.<br \/>\nRevisores de cuentas titular: Dar\u00edo Curiel y Alberto Chaieno.<br \/>\nRevisores de cuentas suplentes: El\u00edas Kahan y Alejandro Ohana.<\/p>\n","protected":false},"excerpt":{"rendered":"<p>Tras la sesi\u00f3n de la Asamblea de Representantes de Socios (RAT), cuya composici\u00f3n de 90 integrantes surgi\u00f3 de los comicios realizados el pasado 10 de abril, esta noche qued\u00f3 conformada la nueva Comisi\u00f3n Directiva de AMIA, que ser\u00e1 presidida por Amos Linetsky. Integrante del Bloque Unido Religioso (BUR), lista que en las elecciones pasadas se [&hellip;]<\/p>\n","protected":false},"author":2,"featured_media":38453,"comment_status":"open","ping_status":"open","sticky":false,"template":"","format":"standard","meta":{"_et_pb_use_builder":"","_et_pb_old_content":"","_et_gb_content_width":"","footnotes":""},"categories":[11,33],"tags":[],"class_list":["post-38452","post","type-post","status-publish","format-standard","has-post-thumbnail","hentry","category-ciudad","category-sociedad-y-cultura-2"],"_links":{"self":[{"href":"https:\/\/vocesdebaires.com.ar\/index.php\/wp-json\/wp\/v2\/posts\/38452"}],"collection":[{"href":"https:\/\/vocesdebaires.com.ar\/index.php\/wp-json\/wp\/v2\/posts"}],"about":[{"href":"https:\/\/vocesdebaires.com.ar\/index.php\/wp-json\/wp\/v2\/types\/post"}],"author":[{"embeddable":true,"href":"https:\/\/vocesdebaires.com.ar\/index.php\/wp-json\/wp\/v2\/users\/2"}],"replies":[{"embeddable":true,"href":"https:\/\/vocesdebaires.com.ar\/index.php\/wp-json\/wp\/v2\/comments?post=38452"}],"version-history":[{"count":1,"href":"https:\/\/vocesdebaires.com.ar\/index.php\/wp-json\/wp\/v2\/posts\/38452\/revisions"}],"predecessor-version":[{"id":38454,"href":"https:\/\/vocesdebaires.com.ar\/index.php\/wp-json\/wp\/v2\/posts\/38452\/revisions\/38454"}],"wp:featuredmedia":[{"embeddable":true,"href":"https:\/\/vocesdebaires.com.ar\/index.php\/wp-json\/wp\/v2\/media\/38453"}],"wp:attachment":[{"href":"https:\/\/vocesdebaires.com.ar\/index.php\/wp-json\/wp\/v2\/media?parent=38452"}],"wp:term":[{"taxonomy":"category","embeddable":true,"href":"https:\/\/vocesdebaires.com.ar\/index.php\/wp-json\/wp\/v2\/categories?post=38452"},{"taxonomy":"post_tag","embeddable":true,"href":"https:\/\/vocesdebaires.com.ar\/index.php\/wp-json\/wp\/v2\/tags?post=38452"}],"curies":[{"name":"wp","href":"https:\/\/api.w.org\/{rel}","templated":true}]}}