{"id":38455,"date":"2022-05-24T00:00:47","date_gmt":"2022-05-24T03:00:47","guid":{"rendered":"https:\/\/vocesdebaires.com.ar\/?p=38455"},"modified":"2022-05-24T00:02:38","modified_gmt":"2022-05-24T03:02:38","slug":"se-firmo-un-convenio-de-cooperacion-entre-la-ciudad-y-el-setia","status":"publish","type":"post","link":"https:\/\/vocesdebaires.com.ar\/index.php\/2022\/05\/24\/se-firmo-un-convenio-de-cooperacion-entre-la-ciudad-y-el-setia\/","title":{"rendered":"Se firm\u00f3 un convenio de cooperaci\u00f3n entre la Ciudad y el SETIA"},"content":{"rendered":"<p>El Subsecretario de Trabajo, Industria y Comercio, Ezequiel Jarvis firm\u00f3 ayer un convenio de cooperaci\u00f3n junto a Jos\u00e9 Eduardo Minaberrigaray, secretario General del Sindicato de Empleados Textiles de la Industria y Afines de la Rep\u00fablica Argentina (SETIA), y Claudio Marcelo D\u00edaz, secretario Gremial e Interior de la misma entidad, con el fin de trabajar en conjunto para brindar condiciones laborales decentes a todos los vecinos de la Ciudad.<\/p>\n<p>Por medio de este convenio, ambas partes manifiestan su compromiso hacia los trabajadores porte\u00f1os de brindar condiciones laborales decentes, lo cual se traduce en controlar el cumplimiento de las distintas normas laborales, detectar y luchar contra la informalidad, y realizar acciones preventivas de accidentes de trabajo y enfermedades derivadas del mismo.<br \/>\nAdem\u00e1s, con el fin de lograr una actualizaci\u00f3n en la formaci\u00f3n sindical, el convenio establece el dictado de capacitaciones a trabajadores y empleadores sobre las nuevas realidades laborales, la importancia de promover la igualdad de oportunidades con perspectiva de g\u00e9nero y diversidad sexual, entre otras tem\u00e1ticas.<\/p>\n<p>Durante el encuentro, el Subsecretario de Trabajo, Ezequiel Jarvis, expres\u00f3: \u201cNuestra prioridad, tanto desde el Gobierno de la Ciudad como desde los Sindicatos, son los trabajadores. Por esto, consideramos fundamental articular acciones conjuntas mediante las cuales podamos lograr un mayor trabajo registrado a trav\u00e9s de las inspecciones correspondientes, as\u00ed como tambi\u00e9n seguir trabajando por mejores condiciones laborales, de seguridad e higiene a lo largo del territorio porte\u00f1o\u201d. Tambi\u00e9n estuvieron presentes en la firma Fernando Cohen, director General de Protecci\u00f3n del Trabajo; Claudia Testa, directora General Trabajo Decente y Relaciones Laborales; y Marcelo Bouzas, director General de Asuntos Gremiales y Formaci\u00f3n Sindical.<\/p>\n","protected":false},"excerpt":{"rendered":"<p>El Subsecretario de Trabajo, Industria y Comercio, Ezequiel Jarvis firm\u00f3 ayer un convenio de cooperaci\u00f3n junto a Jos\u00e9 Eduardo Minaberrigaray, secretario General del Sindicato de Empleados Textiles de la Industria y Afines de la Rep\u00fablica Argentina (SETIA), y Claudio Marcelo D\u00edaz, secretario Gremial e Interior de la misma entidad, con el fin de trabajar en [&hellip;]<\/p>\n","protected":false},"author":2,"featured_media":38456,"comment_status":"open","ping_status":"open","sticky":false,"template":"","format":"standard","meta":{"_et_pb_use_builder":"","_et_pb_old_content":"","_et_gb_content_width":"","footnotes":""},"categories":[11,33],"tags":[],"class_list":["post-38455","post","type-post","status-publish","format-standard","has-post-thumbnail","hentry","category-ciudad","category-sociedad-y-cultura-2"],"_links":{"self":[{"href":"https:\/\/vocesdebaires.com.ar\/index.php\/wp-json\/wp\/v2\/posts\/38455"}],"collection":[{"href":"https:\/\/vocesdebaires.com.ar\/index.php\/wp-json\/wp\/v2\/posts"}],"about":[{"href":"https:\/\/vocesdebaires.com.ar\/index.php\/wp-json\/wp\/v2\/types\/post"}],"author":[{"embeddable":true,"href":"https:\/\/vocesdebaires.com.ar\/index.php\/wp-json\/wp\/v2\/users\/2"}],"replies":[{"embeddable":true,"href":"https:\/\/vocesdebaires.com.ar\/index.php\/wp-json\/wp\/v2\/comments?post=38455"}],"version-history":[{"count":1,"href":"https:\/\/vocesdebaires.com.ar\/index.php\/wp-json\/wp\/v2\/posts\/38455\/revisions"}],"predecessor-version":[{"id":38457,"href":"https:\/\/vocesdebaires.com.ar\/index.php\/wp-json\/wp\/v2\/posts\/38455\/revisions\/38457"}],"wp:featuredmedia":[{"embeddable":true,"href":"https:\/\/vocesdebaires.com.ar\/index.php\/wp-json\/wp\/v2\/media\/38456"}],"wp:attachment":[{"href":"https:\/\/vocesdebaires.com.ar\/index.php\/wp-json\/wp\/v2\/media?parent=38455"}],"wp:term":[{"taxonomy":"category","embeddable":true,"href":"https:\/\/vocesdebaires.com.ar\/index.php\/wp-json\/wp\/v2\/categories?post=38455"},{"taxonomy":"post_tag","embeddable":true,"href":"https:\/\/vocesdebaires.com.ar\/index.php\/wp-json\/wp\/v2\/tags?post=38455"}],"curies":[{"name":"wp","href":"https:\/\/api.w.org\/{rel}","templated":true}]}}