{"id":38493,"date":"2022-05-27T00:00:15","date_gmt":"2022-05-27T03:00:15","guid":{"rendered":"https:\/\/vocesdebaires.com.ar\/?p=38493"},"modified":"2022-05-26T23:48:49","modified_gmt":"2022-05-27T02:48:49","slug":"legislaturaconvoca-a-participar-al-concurso-anual-de-arte-17-edicion","status":"publish","type":"post","link":"https:\/\/vocesdebaires.com.ar\/index.php\/2022\/05\/27\/legislaturaconvoca-a-participar-al-concurso-anual-de-arte-17-edicion\/","title":{"rendered":"Legislatura:Convoca a participar al Concurso Anual de Arte 17\u00b0 edici\u00f3n"},"content":{"rendered":"<p>La Legislatura de la Ciudad Aut\u00f3noma de Buenos Aires convoca a participar de la 17\u00b0 edici\u00f3n del Premio Anual Legislatura 2022. Desde hace diecisiete a\u00f1os, la Direcci\u00f3n General de Asuntos Culturales y Patrimoniales de la Legislatura de la Ciudad Aut\u00f3noma de Buenos Aires organiza el concurso Premio Anual Legislatura, en el que invita a los artistas a mostrar nuestra querida ciudad a trav\u00e9s de la creatividad de sus obras.<\/p>\n<p>Los participantes pueden ser argentinos o extranjeros, mayores de 18 a\u00f1os, con domicilio en la Ciudad de Buenos Aires. La tem\u00e1tica de las obras debe referir en todas las categor\u00edas a los usos y costumbres de la ciudad de Buenos Aires, deben ser in\u00e9ditas y presentarse del 12 de septiembre al 28 de octubre en la Direcci\u00f3n General de Asuntos Culturales y Patrimoniales de lunes a viernes de 10:00 a 16:00 horas en Per\u00fa 160, entrepiso oficina H.<\/p>\n<p><strong>En 2022 participan las disciplinas art\u00edsticas que a continuaci\u00f3n se detallan:<\/strong><br \/>\nProducci\u00f3n Literaria (Novela)<br \/>\nProducci\u00f3n Fotogr\u00e1fica<br \/>\nProducci\u00f3n Gr\u00e1fica (Gr\u00e1fica)<br \/>\nProducci\u00f3n Pict\u00f3rica<\/p>\n<p><strong>Recepci\u00f3n de obras del 12\/09\/ al 28\/10<\/strong><br \/>\n1\u00b0 Premio $15.000 (quince mil pesos) y Diploma<br \/>\n2\u00b0 Premio $ 9.000 (nueve mil pesos) y Diploma<br \/>\n3\u00b0 Premio $ 6.000 (seis mil pesos) y Diploma<br \/>\nTres Menciones de honor Diploma<\/p>\n","protected":false},"excerpt":{"rendered":"<p>La Legislatura de la Ciudad Aut\u00f3noma de Buenos Aires convoca a participar de la 17\u00b0 edici\u00f3n del Premio Anual Legislatura 2022. Desde hace diecisiete a\u00f1os, la Direcci\u00f3n General de Asuntos Culturales y Patrimoniales de la Legislatura de la Ciudad Aut\u00f3noma de Buenos Aires organiza el concurso Premio Anual Legislatura, en el que invita a los [&hellip;]<\/p>\n","protected":false},"author":2,"featured_media":38494,"comment_status":"open","ping_status":"open","sticky":false,"template":"","format":"standard","meta":{"_et_pb_use_builder":"","_et_pb_old_content":"","_et_gb_content_width":"","footnotes":""},"categories":[11,33],"tags":[],"class_list":["post-38493","post","type-post","status-publish","format-standard","has-post-thumbnail","hentry","category-ciudad","category-sociedad-y-cultura-2"],"_links":{"self":[{"href":"https:\/\/vocesdebaires.com.ar\/index.php\/wp-json\/wp\/v2\/posts\/38493"}],"collection":[{"href":"https:\/\/vocesdebaires.com.ar\/index.php\/wp-json\/wp\/v2\/posts"}],"about":[{"href":"https:\/\/vocesdebaires.com.ar\/index.php\/wp-json\/wp\/v2\/types\/post"}],"author":[{"embeddable":true,"href":"https:\/\/vocesdebaires.com.ar\/index.php\/wp-json\/wp\/v2\/users\/2"}],"replies":[{"embeddable":true,"href":"https:\/\/vocesdebaires.com.ar\/index.php\/wp-json\/wp\/v2\/comments?post=38493"}],"version-history":[{"count":1,"href":"https:\/\/vocesdebaires.com.ar\/index.php\/wp-json\/wp\/v2\/posts\/38493\/revisions"}],"predecessor-version":[{"id":38495,"href":"https:\/\/vocesdebaires.com.ar\/index.php\/wp-json\/wp\/v2\/posts\/38493\/revisions\/38495"}],"wp:featuredmedia":[{"embeddable":true,"href":"https:\/\/vocesdebaires.com.ar\/index.php\/wp-json\/wp\/v2\/media\/38494"}],"wp:attachment":[{"href":"https:\/\/vocesdebaires.com.ar\/index.php\/wp-json\/wp\/v2\/media?parent=38493"}],"wp:term":[{"taxonomy":"category","embeddable":true,"href":"https:\/\/vocesdebaires.com.ar\/index.php\/wp-json\/wp\/v2\/categories?post=38493"},{"taxonomy":"post_tag","embeddable":true,"href":"https:\/\/vocesdebaires.com.ar\/index.php\/wp-json\/wp\/v2\/tags?post=38493"}],"curies":[{"name":"wp","href":"https:\/\/api.w.org\/{rel}","templated":true}]}}