{"id":3851,"date":"2019-10-23T03:46:00","date_gmt":"2019-10-23T06:46:00","guid":{"rendered":"http:\/\/vocesdebaires.com.ar\/wordpress\/index.php\/2019\/10\/23\/viaducto-mitre-lo-administrara-un-coreano\/"},"modified":"2019-10-23T03:46:00","modified_gmt":"2019-10-23T06:46:00","slug":"viaducto-mitre-lo-administrara-un-coreano","status":"publish","type":"post","link":"https:\/\/vocesdebaires.com.ar\/index.php\/2019\/10\/23\/viaducto-mitre-lo-administrara-un-coreano\/","title":{"rendered":"Viaducto Mitre: Lo administrar\u00e1  un coreano"},"content":{"rendered":"<p>Un empresario textil coreano se qued\u00f3 con la concesi\u00f3n del bajo viaducto del Tren Mitre, el m\u00e1s apetecible de los que salieron al mercado. Sang Hak Choe pagar\u00e1 el equivalente a $ 1.140.840.885 en 30 a\u00f1os por m\u00e1s de 50 mil metros cuadrados, un valor inferior al precio de base que hab\u00eda fijado la Administraci\u00f3n Nacional de Bienes del Estado (AABE).Sang Hak Choe desarroll\u00f3 el edificio Grand View en el barrio de Balvanera y pagar\u00e1 el equivalente a 60 pesos por metro cuadrado, una cifra irrisoria si se tiene en cuenta que el Viaducto del Mitre atraviesa Barrancas de Belgrano, el Barrio Chino y N\u00fa\u00f1ez en su recorrido, tres de los barrios m\u00e1s cotizados de la Ciudad.<\/p>\n<p>Todav\u00eda no se conoce el plan del empresario que tiene la posibilidad de instalar una variada gama de emprendimientos bajo las v\u00edas del Mitre. Sang Hak Choe tendr\u00e1 dos a\u00f1os de gracia para comenzar a pagar la concesi\u00f3n y deber\u00e1 saldarla en los pr\u00f3ximos 28 a\u00f1os.Desde el gobierno nacional aseguraron que a\u00fan no se public\u00f3 la adjudicaci\u00f3n defin\u00ed\u00a0 El gran negocio de concesiones de tierra p\u00fablica para una sola persona no es un negocio para el estado sino para los empresarios que hacen de intermediarios y subalquila esas tierras a empresas que terminan pagando todos los costos, Jonathan Baldiviezo, del Observatorio por el Derecho a la Ciudad. Desde el peronismo porte\u00f1o destacaron la falta de oferentes para la concesi\u00f3n, que termin\u00f3 adjudicada a un precio inferior al de base.<\/p>\n<p>La Ciudad ya satur\u00f3 la capacidad de hacer negocios, no hay m\u00e1s gente con efectivo. La crisis econ\u00f3mica y los elevados precios de las propiedades provocaron que solamente se presentaran cuatro oferentes para competir por las m\u00e1s de cinco hect\u00e1reas que est\u00e1n debajo de las v\u00edas. Los vecinos de Barrancas ya expresaron su preocupaci\u00f3n por el destino de las tierras y temen que sean ocupadas. Estamos frente a otro caso en la ciudad d\u00f3nde el concesionario se har\u00e1 rico sub locando los espacios p\u00fablicos concesionados, al estilo de Telemetrix S.A. con el predio estatal de Costa Salguero, y ganando cifras millonarias s\u00f3lo por su rol de intermediario.<\/p>\n","protected":false},"excerpt":{"rendered":"<p>Un empresario textil coreano se qued\u00f3 con la concesi\u00f3n del bajo viaducto del Tren Mitre, el m\u00e1s apetecible de los que salieron al mercado. Sang Hak Choe pagar\u00e1 el equivalente a $ 1.140.840.885 en 30 a\u00f1os por m\u00e1s de 50 mil metros cuadrados, un valor inferior al precio de base que hab\u00eda fijado la Administraci\u00f3n [&hellip;]<\/p>\n","protected":false},"author":1,"featured_media":3852,"comment_status":"open","ping_status":"open","sticky":false,"template":"","format":"standard","meta":{"_et_pb_use_builder":"","_et_pb_old_content":"","_et_gb_content_width":"","footnotes":""},"categories":[11,32],"tags":[],"class_list":["post-3851","post","type-post","status-publish","format-standard","has-post-thumbnail","hentry","category-ciudad","category-comunas"],"_links":{"self":[{"href":"https:\/\/vocesdebaires.com.ar\/index.php\/wp-json\/wp\/v2\/posts\/3851"}],"collection":[{"href":"https:\/\/vocesdebaires.com.ar\/index.php\/wp-json\/wp\/v2\/posts"}],"about":[{"href":"https:\/\/vocesdebaires.com.ar\/index.php\/wp-json\/wp\/v2\/types\/post"}],"author":[{"embeddable":true,"href":"https:\/\/vocesdebaires.com.ar\/index.php\/wp-json\/wp\/v2\/users\/1"}],"replies":[{"embeddable":true,"href":"https:\/\/vocesdebaires.com.ar\/index.php\/wp-json\/wp\/v2\/comments?post=3851"}],"version-history":[{"count":0,"href":"https:\/\/vocesdebaires.com.ar\/index.php\/wp-json\/wp\/v2\/posts\/3851\/revisions"}],"wp:featuredmedia":[{"embeddable":true,"href":"https:\/\/vocesdebaires.com.ar\/index.php\/wp-json\/wp\/v2\/media\/3852"}],"wp:attachment":[{"href":"https:\/\/vocesdebaires.com.ar\/index.php\/wp-json\/wp\/v2\/media?parent=3851"}],"wp:term":[{"taxonomy":"category","embeddable":true,"href":"https:\/\/vocesdebaires.com.ar\/index.php\/wp-json\/wp\/v2\/categories?post=3851"},{"taxonomy":"post_tag","embeddable":true,"href":"https:\/\/vocesdebaires.com.ar\/index.php\/wp-json\/wp\/v2\/tags?post=3851"}],"curies":[{"name":"wp","href":"https:\/\/api.w.org\/{rel}","templated":true}]}}