{"id":3860,"date":"2019-10-21T03:45:49","date_gmt":"2019-10-21T06:45:49","guid":{"rendered":"http:\/\/vocesdebaires.com.ar\/wordpress\/index.php\/2019\/10\/21\/ordenan-remover-contenedor-frente-domicilio\/"},"modified":"2019-10-21T03:45:49","modified_gmt":"2019-10-21T06:45:49","slug":"ordenan-remover-contenedor-frente-domicilio","status":"publish","type":"post","link":"https:\/\/vocesdebaires.com.ar\/index.php\/2019\/10\/21\/ordenan-remover-contenedor-frente-domicilio\/","title":{"rendered":"Ordenan remover contenedor frente domicilio"},"content":{"rendered":"<p>La titular del juzgado N\u00b012 en lo Contencioso Administrativo y Tributario, Alejandra Petrella, hizo lugar la acci\u00f3n de amparo promovida por una vecina, en su car\u00e1cter de apoderada de su padre quien padece una discapacidad psicof\u00edsica y motriz, y orden\u00f3 al Gobierno de la Ciudad de Buenos Aires que se abstenga de reinstalar contenedores de residuos frente a su domicilio, ubicado en el barrio porte\u00f1o de Villa Lugano. Todo ello en el marco de la causa R.F.M. contra GCBA y otros sobre Amparo-Ambiental.Asimismo, especific\u00f3 que se abstenga de reinstalarlo delante de las puertas, ventanas y\/o cercan\u00edas de acceso al domicilio del actor a fin de garantizar el f\u00e1cil ingreso y egreso de y a su vivienda.<\/p>\n<p>Seg\u00fan se desprende de la resoluci\u00f3n, padece una discapacidad psicof\u00edsica y motriz como consecuencia de haber sufrido ocho episodios agudos de hipertensi\u00f3n arterial, cuatro ACV isqu\u00e9micos, demencia senil, m\u00faltiples infartos, insuficiencia renal cr\u00f3nica y depresi\u00f3n ps\u00edquica. Por lo tanto requiere de internaci\u00f3n domiciliaria de alta complejidad, m\u00f3dulo 3, lo que obliga a contar con disponibilidad de espacio en la puerta y vereda adyacente a su domicilio. La amparista aleg\u00f3 que la presencia de residuos en las cercan\u00edas es un factor de riesgo ya que se trata de un paciente cuyo sistema inmunol\u00f3gico se encuentra comprometido.<\/p>\n<p>Petrella asegur\u00f3 que el GCBA en un primer momento no dio cabal cumplimiento con la medida cautelar dictada puesto que ubic\u00f3 el contenedor a escasos metros de la casa de la actora y reci\u00e9n ante la denuncia de incumplimiento realizada relocaliz\u00f3 en debida forma el contenedor, conforme lo manifestado por la actora. Dada la complejidad de la situaci\u00f3n del paciente obliga a tener libre la circulaci\u00f3n en la puerta de su domicilio y vereda adyacente, puesto que debe ser trasladado permanentemente para estudios, diagn\u00f3sticos y kinesiolog\u00eda, ampli\u00f3.<\/p>\n","protected":false},"excerpt":{"rendered":"<p>La titular del juzgado N\u00b012 en lo Contencioso Administrativo y Tributario, Alejandra Petrella, hizo lugar la acci\u00f3n de amparo promovida por una vecina, en su car\u00e1cter de apoderada de su padre quien padece una discapacidad psicof\u00edsica y motriz, y orden\u00f3 al Gobierno de la Ciudad de Buenos Aires que se abstenga de reinstalar contenedores de [&hellip;]<\/p>\n","protected":false},"author":1,"featured_media":3861,"comment_status":"open","ping_status":"open","sticky":false,"template":"","format":"standard","meta":{"_et_pb_use_builder":"","_et_pb_old_content":"","_et_gb_content_width":"","footnotes":""},"categories":[11,32],"tags":[],"class_list":["post-3860","post","type-post","status-publish","format-standard","has-post-thumbnail","hentry","category-ciudad","category-comunas"],"_links":{"self":[{"href":"https:\/\/vocesdebaires.com.ar\/index.php\/wp-json\/wp\/v2\/posts\/3860"}],"collection":[{"href":"https:\/\/vocesdebaires.com.ar\/index.php\/wp-json\/wp\/v2\/posts"}],"about":[{"href":"https:\/\/vocesdebaires.com.ar\/index.php\/wp-json\/wp\/v2\/types\/post"}],"author":[{"embeddable":true,"href":"https:\/\/vocesdebaires.com.ar\/index.php\/wp-json\/wp\/v2\/users\/1"}],"replies":[{"embeddable":true,"href":"https:\/\/vocesdebaires.com.ar\/index.php\/wp-json\/wp\/v2\/comments?post=3860"}],"version-history":[{"count":0,"href":"https:\/\/vocesdebaires.com.ar\/index.php\/wp-json\/wp\/v2\/posts\/3860\/revisions"}],"wp:featuredmedia":[{"embeddable":true,"href":"https:\/\/vocesdebaires.com.ar\/index.php\/wp-json\/wp\/v2\/media\/3861"}],"wp:attachment":[{"href":"https:\/\/vocesdebaires.com.ar\/index.php\/wp-json\/wp\/v2\/media?parent=3860"}],"wp:term":[{"taxonomy":"category","embeddable":true,"href":"https:\/\/vocesdebaires.com.ar\/index.php\/wp-json\/wp\/v2\/categories?post=3860"},{"taxonomy":"post_tag","embeddable":true,"href":"https:\/\/vocesdebaires.com.ar\/index.php\/wp-json\/wp\/v2\/tags?post=3860"}],"curies":[{"name":"wp","href":"https:\/\/api.w.org\/{rel}","templated":true}]}}