{"id":38669,"date":"2022-06-07T00:17:07","date_gmt":"2022-06-07T03:17:07","guid":{"rendered":"https:\/\/vocesdebaires.com.ar\/?p=38669"},"modified":"2022-06-07T00:17:07","modified_gmt":"2022-06-07T03:17:07","slug":"dalessandro-y-macri-cerraron-en-el-barrio-21-24-el-bunker-54","status":"publish","type":"post","link":"https:\/\/vocesdebaires.com.ar\/index.php\/2022\/06\/07\/dalessandro-y-macri-cerraron-en-el-barrio-21-24-el-bunker-54\/","title":{"rendered":"D\u00b4Alessandro y Macri cerraron en el Barrio 21-24 el b\u00fanker 54"},"content":{"rendered":"<p>Desde que en 2020 se puso en marcha el tapiado de lugares de venta de droga, se llevan cerrados 35 b\u00fankeres en el Barrio 31, 8 en el Zavaleta, 8 en el 21\/24, uno en el Barrio Mugica, otro en el Barrio Bermejo y el restante el Barrio 15. Las investigaciones estuvieron a cargo del personal de la Divisi\u00f3n Investigaciones Comunales 4 de la Polic\u00eda de la Ciudad, con el apoyo de la Divisi\u00f3n Operaciones Especiales Metropolitanas (DOEM), que incautaron m\u00e1s de 2,7 kilos de marihuana, 45 dosis de LSD, gran cantidad de armas y municiones, tras dos allanamientos ordenados por el Juzgado Nacional en lo Criminal y Correccional Federal 10, a cargo del Dr. Juli\u00e1n Ercolini.<\/p>\n<p>\u00abGracias al despliegue territorial que tiene la Unidad Barrial de la Polic\u00eda de la Ciudad, con las a\u00e9reas de Investigaciones, Narcocriminalidad y, por supuesto, con el apoyo de la Justicia estamos cerrando el b\u00fanker n\u00famero 54\u201d en nuestra lucha irrestricta con el narcotr\u00e1fico\u201d, sostuvo D\u2019Alessandro. El ministro dijo que esta problem\u00e1tica \u201cse aborda de manera integral, multidimensional, que es como lo hacemos, con todas las a\u00e9reas del Estado, para devolverle la paz y la tranquilidad a los vecinos y vecinas del barrio\u201d. D\u2019Alessandro explic\u00f3 que \u201ccomo hay un despliegue con mucha presencia en el barrio, las filas de los iban a comprar la droga no las hac\u00edan en el pasillo, sino que hab\u00edan adaptado este b\u00fanker para que todos est\u00e9n adentro para que la polic\u00eda no pueda verlos\u201d.<\/p>\n<p>La operaci\u00f3n la hac\u00edan a trav\u00e9s de un ca\u00f1o y ten\u00edan una escotilla que para escapar ante un procedimiento policial. Por su parte, Macri sintetiz\u00f3 que este cierre de b\u00fanker \u201crepresenta una presencia del Estado, una decisi\u00f3n pol\u00edtica, un trabajo muy importante que lleva a cabo el ministro D\u00b4Alessandro con una decisi\u00f3n pol\u00edtica tomada ya en su momento por Mauricio Macri como Jefe de Gobierno de la Ciudad, y continuada y profundizada por Horacio Rodr\u00edguez Larreta de tener en claro que el delito est\u00e1 en la vereda de enfrente\u201d. Los procedimientos, que tienen a un hombre mayor de edad detenido, se hicieron el primero de junio \u00faltimo en una casa de la manzana 4, finamente tapiado, en una investigaci\u00f3n que lleg\u00f3 hasta la localidad bonaerense de San Vicente.<\/p>\n<p>En el allanamiento se detuvo al hombre y se secuestraron m\u00e1s de 2,7 kilos de marihuana, 45 dosis de LSD y 8 celulares y 5.600 pesos. Fue en la \u00faltima revisi\u00f3n cuando los oficiales dieron con un bolso dentro de un tacho de basura frente a la vivienda en cuyo interior descubrieron una pistola Bersa Thunder calibre .40 con numeraci\u00f3n suprimida con una munici\u00f3n en rec\u00e1mara y nueve municiones en el cargador, adem\u00e1s de otras 23 municiones de mismo calibre. Incautaron, adem\u00e1s, otra pistola Bersa Thunder calibre .380, con munici\u00f3n en rec\u00e1mara y dos en el cargador, 276 gramos de coca\u00edna, dos balanzas de precisi\u00f3n y recortes de nylon para fraccionamiento de dosis. Los oficiales tambi\u00e9n decomisaron dos autos, un Volkswagen Vento y un Renault Cl\u00edo, cuyas llaves de ignici\u00f3n estaban en el interior de la casa.<\/p>\n","protected":false},"excerpt":{"rendered":"<p>Desde que en 2020 se puso en marcha el tapiado de lugares de venta de droga, se llevan cerrados 35 b\u00fankeres en el Barrio 31, 8 en el Zavaleta, 8 en el 21\/24, uno en el Barrio Mugica, otro en el Barrio Bermejo y el restante el Barrio 15. Las investigaciones estuvieron a cargo del [&hellip;]<\/p>\n","protected":false},"author":2,"featured_media":38670,"comment_status":"open","ping_status":"open","sticky":false,"template":"","format":"standard","meta":{"_et_pb_use_builder":"","_et_pb_old_content":"","_et_gb_content_width":"","footnotes":""},"categories":[34,13],"tags":[],"class_list":["post-38669","post","type-post","status-publish","format-standard","has-post-thumbnail","hentry","category-politica","category-provincia"],"_links":{"self":[{"href":"https:\/\/vocesdebaires.com.ar\/index.php\/wp-json\/wp\/v2\/posts\/38669"}],"collection":[{"href":"https:\/\/vocesdebaires.com.ar\/index.php\/wp-json\/wp\/v2\/posts"}],"about":[{"href":"https:\/\/vocesdebaires.com.ar\/index.php\/wp-json\/wp\/v2\/types\/post"}],"author":[{"embeddable":true,"href":"https:\/\/vocesdebaires.com.ar\/index.php\/wp-json\/wp\/v2\/users\/2"}],"replies":[{"embeddable":true,"href":"https:\/\/vocesdebaires.com.ar\/index.php\/wp-json\/wp\/v2\/comments?post=38669"}],"version-history":[{"count":1,"href":"https:\/\/vocesdebaires.com.ar\/index.php\/wp-json\/wp\/v2\/posts\/38669\/revisions"}],"predecessor-version":[{"id":38671,"href":"https:\/\/vocesdebaires.com.ar\/index.php\/wp-json\/wp\/v2\/posts\/38669\/revisions\/38671"}],"wp:featuredmedia":[{"embeddable":true,"href":"https:\/\/vocesdebaires.com.ar\/index.php\/wp-json\/wp\/v2\/media\/38670"}],"wp:attachment":[{"href":"https:\/\/vocesdebaires.com.ar\/index.php\/wp-json\/wp\/v2\/media?parent=38669"}],"wp:term":[{"taxonomy":"category","embeddable":true,"href":"https:\/\/vocesdebaires.com.ar\/index.php\/wp-json\/wp\/v2\/categories?post=38669"},{"taxonomy":"post_tag","embeddable":true,"href":"https:\/\/vocesdebaires.com.ar\/index.php\/wp-json\/wp\/v2\/tags?post=38669"}],"curies":[{"name":"wp","href":"https:\/\/api.w.org\/{rel}","templated":true}]}}