{"id":38672,"date":"2022-06-07T00:19:55","date_gmt":"2022-06-07T03:19:55","guid":{"rendered":"https:\/\/vocesdebaires.com.ar\/?p=38672"},"modified":"2022-06-07T00:19:55","modified_gmt":"2022-06-07T03:19:55","slug":"santilli-y-arietto-la-matanzaes-tierra-liberada-para-delincuentes-y-narcos","status":"publish","type":"post","link":"https:\/\/vocesdebaires.com.ar\/index.php\/2022\/06\/07\/santilli-y-arietto-la-matanzaes-tierra-liberada-para-delincuentes-y-narcos\/","title":{"rendered":"Santilli y Arietto: La Matanza\u00bbEs tierra liberada para delincuentes y narcos\u00bb"},"content":{"rendered":"<p>Los dirigentes de Juntos por el Cambio, Diego Santilli y Florencia Arietto, estuvieron ayer en Gonz\u00e1lez Cat\u00e1n, Isidro Casanova y Ciudad Evita. \u00abLa Matanza es la expresi\u00f3n m\u00e1s clara de un gobierno ausente, es tierra de nadie, liberada para los delincuentes y los narcos\u00bb, afirmaron, luego de participar de varias actividades durante m\u00e1s de 10 horas en el municipio de La Matanza.<br \/>\nEl diputado nacional de Juntos por el Cambio por la provincia de Buenos Aires, Diego Santilli, estuvo este viernes en Gonz\u00e1lez Cat\u00e1n, Isidro Casanova y Ciudad Evita.<\/p>\n<p>Por la ma\u00f1ana, visit\u00f3 junto al concejal Jorge Lampa el Hospital de Agudos Paroissien y la Salita de Primeros Auxilios San Pedro. Al mediod\u00eda, Santilli y Arietto recorrieron el centro comercial de Gonz\u00e1lez Cat\u00e1n. Acompa\u00f1ados por los concejales de Juntos por el Cambio, H\u00e9ctor \u00abToty\u00bb Flores y Lalo Creus, aseguraron que \u00abLa Matanza es la expresi\u00f3n m\u00e1s clara de un gobierno ausente, es tierra de nadie, liberada para los delincuentes y los narcos\u00bb.<\/p>\n<p>\u00abLa Provincia requiere de un plan preciso y efectivo para frenar el avance de la delincuencia, mayor presencia policial en las calles, incorporar tecnolog\u00eda y formar y equipar a las fuerzas policiales\u00bb, afirm\u00f3 Santilli. \u00abEl gobernador est\u00e1 ausente en la lucha contra los chorros y los narcos, no aparece, no gestiona, no se involucra. El estado de abandono es total y permanente\u00bb, concluy\u00f3 Santilli. Por la tarde, Santilli particip\u00f3 en la Plaza Ciudad Evita de una reuni\u00f3n con vecinos autoconvocados por la inseguridad. Junto a M\u00f3nica Roces y Hern\u00e1n Berisso, el diputado nacional finalizar\u00e1 su agenda a las 18 horas con una reuni\u00f3n de vecinos, comerciantes y v\u00edctimas de la inseguridad en el Club 3 de Noviembre.<\/p>\n","protected":false},"excerpt":{"rendered":"<p>Los dirigentes de Juntos por el Cambio, Diego Santilli y Florencia Arietto, estuvieron ayer en Gonz\u00e1lez Cat\u00e1n, Isidro Casanova y Ciudad Evita. \u00abLa Matanza es la expresi\u00f3n m\u00e1s clara de un gobierno ausente, es tierra de nadie, liberada para los delincuentes y los narcos\u00bb, afirmaron, luego de participar de varias actividades durante m\u00e1s de 10 [&hellip;]<\/p>\n","protected":false},"author":2,"featured_media":38673,"comment_status":"open","ping_status":"open","sticky":false,"template":"","format":"standard","meta":{"_et_pb_use_builder":"","_et_pb_old_content":"","_et_gb_content_width":"","footnotes":""},"categories":[34,13],"tags":[],"class_list":["post-38672","post","type-post","status-publish","format-standard","has-post-thumbnail","hentry","category-politica","category-provincia"],"_links":{"self":[{"href":"https:\/\/vocesdebaires.com.ar\/index.php\/wp-json\/wp\/v2\/posts\/38672"}],"collection":[{"href":"https:\/\/vocesdebaires.com.ar\/index.php\/wp-json\/wp\/v2\/posts"}],"about":[{"href":"https:\/\/vocesdebaires.com.ar\/index.php\/wp-json\/wp\/v2\/types\/post"}],"author":[{"embeddable":true,"href":"https:\/\/vocesdebaires.com.ar\/index.php\/wp-json\/wp\/v2\/users\/2"}],"replies":[{"embeddable":true,"href":"https:\/\/vocesdebaires.com.ar\/index.php\/wp-json\/wp\/v2\/comments?post=38672"}],"version-history":[{"count":1,"href":"https:\/\/vocesdebaires.com.ar\/index.php\/wp-json\/wp\/v2\/posts\/38672\/revisions"}],"predecessor-version":[{"id":38674,"href":"https:\/\/vocesdebaires.com.ar\/index.php\/wp-json\/wp\/v2\/posts\/38672\/revisions\/38674"}],"wp:featuredmedia":[{"embeddable":true,"href":"https:\/\/vocesdebaires.com.ar\/index.php\/wp-json\/wp\/v2\/media\/38673"}],"wp:attachment":[{"href":"https:\/\/vocesdebaires.com.ar\/index.php\/wp-json\/wp\/v2\/media?parent=38672"}],"wp:term":[{"taxonomy":"category","embeddable":true,"href":"https:\/\/vocesdebaires.com.ar\/index.php\/wp-json\/wp\/v2\/categories?post=38672"},{"taxonomy":"post_tag","embeddable":true,"href":"https:\/\/vocesdebaires.com.ar\/index.php\/wp-json\/wp\/v2\/tags?post=38672"}],"curies":[{"name":"wp","href":"https:\/\/api.w.org\/{rel}","templated":true}]}}