{"id":3869,"date":"2019-10-21T03:18:22","date_gmt":"2019-10-21T06:18:22","guid":{"rendered":"http:\/\/vocesdebaires.com.ar\/wordpress\/index.php\/2019\/10\/21\/declaran-ciudad-cultural-konex-sitio-de-interes\/"},"modified":"2019-10-21T03:18:22","modified_gmt":"2019-10-21T06:18:22","slug":"declaran-ciudad-cultural-konex-sitio-de-interes","status":"publish","type":"post","link":"https:\/\/vocesdebaires.com.ar\/index.php\/2019\/10\/21\/declaran-ciudad-cultural-konex-sitio-de-interes\/","title":{"rendered":"Declaran: Ciudad Cultural Konex sitio de inter\u00e9s"},"content":{"rendered":"<p>La Legislatura aprob\u00f3 dos iniciativas para reconocer el trabajo cultural que se realiza en Ciudad Cultural Konex, un espacio multidisciplinario ubicado en la calle Sarmiento N\u00b0 3131 del barrio de Balvanera, en la Comuna 3. Su oferta y producci\u00f3n es una de las m\u00e1s importantes del pa\u00eds. Cuenta con 7 salas de diferentes formatos, muchos de ellos con capacidad de transformaci\u00f3n de acuerdo a las distintas propuestas art\u00edsticas. El espacio permite abordar y montar disciplinas variadas como teatro, danza, m\u00fasica, cine, muestras, talleres y exposiciones, congresos o ferias.<\/p>\n<p>Ciudad Cultural Konex es una pyme que cuenta con un staff fijo de 50 personas, adem\u00e1s de otras por lo menos 50 que trabajan de forma eventual en funci\u00f3n de sus actividades. Adem\u00e1s de ello, es el espacio de trabajo de cientos de artistas por a\u00f1o que montan all\u00ed sus proyectos. &quot;Es un espacio cultural que hace 15 a\u00f1os vino a cambiar la fisonom\u00eda, din\u00e1mica y vida de un barrio que d\u00e9cadas atr\u00e1s se encontraba abandonado e inseguro. Reconvertir un abandonado dep\u00f3sito y f\u00e1brica de aceite en el espacio cultural es sin dudas un acierto de emprendedores visionarios.<\/p>\n<p>La integraci\u00f3n urbana y social lograda por Ciudad Cultural Konex es un valor a destacar&quot;, sostienen los fundamentos del proyecto de declaraci\u00f3n que present\u00f3 la legisladora Vischi (Ev).Artistas como Charly Garc\u00eda, Luis Alberto Spinetta, Gustavo Cerati, Pedro Aznar, Fito Pa\u00e9z, Escalandrum, Elena Roger, La Bomba de Tiempo, Antonio Gasalla, Julio Ch\u00e1vez, Pepe Cibri\u00e1n Campoy, Malena Solda, Jos\u00e9 Mar\u00eda Muscari, Gerardo Hochman, entre muchos otros, pasaron por sus escenarios.<\/p>\n<p>Por otra parte, la Legislatura declar\u00f3 de Inter\u00e9s Cultural de la Ciudad de Buenos Aires a los \u201cPremios Konex\u201d, creados en 1980 por el Dr. Luis Ovsejevich, presidente de la Fundaci\u00f3n Konex. &quot;A lo largo de su trayectoria los Premios Konex se han convertido en la distinci\u00f3n m\u00e1s importante que se entrega en nuestro pa\u00eds, reconociendo la labor de las figuras m\u00e1s relevantes del amplio espectro cultural de nuestra naci\u00f3n&quot;, explican los fundamentos del proyecto, tambi\u00e9n impulsado por la legisladora\u00a0 Patricia Vischi (Ev).<\/p>\n","protected":false},"excerpt":{"rendered":"<p>La Legislatura aprob\u00f3 dos iniciativas para reconocer el trabajo cultural que se realiza en Ciudad Cultural Konex, un espacio multidisciplinario ubicado en la calle Sarmiento N\u00b0 3131 del barrio de Balvanera, en la Comuna 3. Su oferta y producci\u00f3n es una de las m\u00e1s importantes del pa\u00eds. Cuenta con 7 salas de diferentes formatos, muchos [&hellip;]<\/p>\n","protected":false},"author":1,"featured_media":3870,"comment_status":"open","ping_status":"open","sticky":false,"template":"","format":"standard","meta":{"_et_pb_use_builder":"","_et_pb_old_content":"","_et_gb_content_width":"","footnotes":""},"categories":[11,32],"tags":[],"class_list":["post-3869","post","type-post","status-publish","format-standard","has-post-thumbnail","hentry","category-ciudad","category-comunas"],"_links":{"self":[{"href":"https:\/\/vocesdebaires.com.ar\/index.php\/wp-json\/wp\/v2\/posts\/3869"}],"collection":[{"href":"https:\/\/vocesdebaires.com.ar\/index.php\/wp-json\/wp\/v2\/posts"}],"about":[{"href":"https:\/\/vocesdebaires.com.ar\/index.php\/wp-json\/wp\/v2\/types\/post"}],"author":[{"embeddable":true,"href":"https:\/\/vocesdebaires.com.ar\/index.php\/wp-json\/wp\/v2\/users\/1"}],"replies":[{"embeddable":true,"href":"https:\/\/vocesdebaires.com.ar\/index.php\/wp-json\/wp\/v2\/comments?post=3869"}],"version-history":[{"count":0,"href":"https:\/\/vocesdebaires.com.ar\/index.php\/wp-json\/wp\/v2\/posts\/3869\/revisions"}],"wp:featuredmedia":[{"embeddable":true,"href":"https:\/\/vocesdebaires.com.ar\/index.php\/wp-json\/wp\/v2\/media\/3870"}],"wp:attachment":[{"href":"https:\/\/vocesdebaires.com.ar\/index.php\/wp-json\/wp\/v2\/media?parent=3869"}],"wp:term":[{"taxonomy":"category","embeddable":true,"href":"https:\/\/vocesdebaires.com.ar\/index.php\/wp-json\/wp\/v2\/categories?post=3869"},{"taxonomy":"post_tag","embeddable":true,"href":"https:\/\/vocesdebaires.com.ar\/index.php\/wp-json\/wp\/v2\/tags?post=3869"}],"curies":[{"name":"wp","href":"https:\/\/api.w.org\/{rel}","templated":true}]}}