{"id":38747,"date":"2022-06-10T00:24:15","date_gmt":"2022-06-10T03:24:15","guid":{"rendered":"https:\/\/vocesdebaires.com.ar\/?p=38747"},"modified":"2022-06-10T00:24:15","modified_gmt":"2022-06-10T03:24:15","slug":"elisa-carrio-se-reunio-con-gerardo-morales-en-jujuy","status":"publish","type":"post","link":"https:\/\/vocesdebaires.com.ar\/index.php\/2022\/06\/10\/elisa-carrio-se-reunio-con-gerardo-morales-en-jujuy\/","title":{"rendered":"Elisa Carri\u00f3 se reuni\u00f3 con Gerardo Morales en Jujuy"},"content":{"rendered":"<p>Elisa Carri\u00f3 se reuni\u00f3 ayer jueves con el gobernador de Jujuy Gerardo Morales en la casa de gobierno provincial. All\u00ed coincidieron en la necesidad de fortalecer Juntos por el Cambio y tambi\u00e9n en avanzar en la construcci\u00f3n de un plan federal serio, desarrollista, productivista que priorice las econom\u00edas regionales. \u201cEn Juntos por el Cambio hay un n\u00facleo central y la unidad est\u00e1 garantizada\u201d, se\u00f1al\u00f3 la l\u00edder de la Coalici\u00f3n C\u00edvica, que estuvo acompa\u00f1ada por el presidente del partido, el diputado nacional Maximiliano Ferraro. \u201cTuvimos una muy buena reuni\u00f3n. Tenemos amistad pol\u00edtica sincera desde hace muchos a\u00f1os\u201d, agreg\u00f3 Carri\u00f3 tras la reuni\u00f3n y el almuerzo con el gobernador Morales.<\/p>\n<p>\u201cHablamos de la potencialidad que tiene la energ\u00eda verde y que la provincia de Jujuy est\u00e1 haciendo una transformaci\u00f3n e inversi\u00f3n muy grande. Esto puede ser una salida y un modelo de desarrollo y generaci\u00f3n de divisas para nuestro pa\u00eds y del mundo\u201d, destac\u00f3 Carri\u00f3. \u201cTambi\u00e9n charlamos con Gerardo sobre educaci\u00f3n, la construcci\u00f3n aqu\u00ed en Jujuy de m\u00e1s de 250 escuelas, acerca de c\u00f3mo pensamos un nuevo modelo educativo y lo central que es la formaci\u00f3n docente\u201d, a\u00f1adi\u00f3. Carri\u00f3 viaj\u00f3 a Jujuy, tambi\u00e9n para asistir a la institucionalizaci\u00f3n de la Coalici\u00f3n C\u00edvica local, representada por el presidente del partido, Jos\u00e9 Albizo Calz\u00f3n.<\/p>\n","protected":false},"excerpt":{"rendered":"<p>Elisa Carri\u00f3 se reuni\u00f3 ayer jueves con el gobernador de Jujuy Gerardo Morales en la casa de gobierno provincial. All\u00ed coincidieron en la necesidad de fortalecer Juntos por el Cambio y tambi\u00e9n en avanzar en la construcci\u00f3n de un plan federal serio, desarrollista, productivista que priorice las econom\u00edas regionales. \u201cEn Juntos por el Cambio hay [&hellip;]<\/p>\n","protected":false},"author":2,"featured_media":38748,"comment_status":"open","ping_status":"open","sticky":false,"template":"","format":"standard","meta":{"_et_pb_use_builder":"","_et_pb_old_content":"","_et_gb_content_width":"","footnotes":""},"categories":[34,13],"tags":[],"class_list":["post-38747","post","type-post","status-publish","format-standard","has-post-thumbnail","hentry","category-politica","category-provincia"],"_links":{"self":[{"href":"https:\/\/vocesdebaires.com.ar\/index.php\/wp-json\/wp\/v2\/posts\/38747"}],"collection":[{"href":"https:\/\/vocesdebaires.com.ar\/index.php\/wp-json\/wp\/v2\/posts"}],"about":[{"href":"https:\/\/vocesdebaires.com.ar\/index.php\/wp-json\/wp\/v2\/types\/post"}],"author":[{"embeddable":true,"href":"https:\/\/vocesdebaires.com.ar\/index.php\/wp-json\/wp\/v2\/users\/2"}],"replies":[{"embeddable":true,"href":"https:\/\/vocesdebaires.com.ar\/index.php\/wp-json\/wp\/v2\/comments?post=38747"}],"version-history":[{"count":1,"href":"https:\/\/vocesdebaires.com.ar\/index.php\/wp-json\/wp\/v2\/posts\/38747\/revisions"}],"predecessor-version":[{"id":38749,"href":"https:\/\/vocesdebaires.com.ar\/index.php\/wp-json\/wp\/v2\/posts\/38747\/revisions\/38749"}],"wp:featuredmedia":[{"embeddable":true,"href":"https:\/\/vocesdebaires.com.ar\/index.php\/wp-json\/wp\/v2\/media\/38748"}],"wp:attachment":[{"href":"https:\/\/vocesdebaires.com.ar\/index.php\/wp-json\/wp\/v2\/media?parent=38747"}],"wp:term":[{"taxonomy":"category","embeddable":true,"href":"https:\/\/vocesdebaires.com.ar\/index.php\/wp-json\/wp\/v2\/categories?post=38747"},{"taxonomy":"post_tag","embeddable":true,"href":"https:\/\/vocesdebaires.com.ar\/index.php\/wp-json\/wp\/v2\/tags?post=38747"}],"curies":[{"name":"wp","href":"https:\/\/api.w.org\/{rel}","templated":true}]}}