{"id":38759,"date":"2022-06-13T00:21:00","date_gmt":"2022-06-13T03:21:00","guid":{"rendered":"https:\/\/vocesdebaires.com.ar\/?p=38759"},"modified":"2022-06-13T00:21:00","modified_gmt":"2022-06-13T03:21:00","slug":"hallan-un-cohete-durante-un-allanamiento-en-tres-de-febrero","status":"publish","type":"post","link":"https:\/\/vocesdebaires.com.ar\/index.php\/2022\/06\/13\/hallan-un-cohete-durante-un-allanamiento-en-tres-de-febrero\/","title":{"rendered":"Hallan un cohete durante un allanamiento en Tres de Febrero"},"content":{"rendered":"<p>Personal de la Divisi\u00f3n Contravenciones y Faltas contra el Orden P\u00fablico de la Polic\u00eda de la Ciudad realiz\u00f3 junto a la Polic\u00eda de la Provincia de Buenos Aires un procedimiento en una vivienda ubicada en Caseros con el objetivo de secuestrar armas en el domicilio de un hombre detenido por lesiones, amenazas, violaci\u00f3n de domicilio y desobediencia, en el marco de una causa por violencia de g\u00e9nero.<\/p>\n<p>El mismo fue solicitado por la Fiscal\u00eda Flagrancias Este, del Dr. Mariano Camblong y ordenado por el Juzgado Penal, Contravencional y de Faltas N\u00b010, a cargo del Dr. Pablo Casas.<br \/>\nAl ingresar en la vivienda los efectivos encontraron un cohete calibre 89mm \u00abBR 65-GS\u00bb, de aproximadamente 1.91 metros de largo, 88.8mm circunferencia de cabeza y de unos 70mm de cuerpo.<\/p>\n<p>El mismo seg\u00fan los especialistas del Escuadr\u00f3n Antiexplosivos que se hicieron presentes estar\u00eda inactivo y se disparar\u00eda desde una base mediante control remoto. En consulta con el Juzgado Federal Nro. 2, Secretar\u00eda Nro. 6 de San Mart\u00edn, se dispuso el secuestro del artefacto, a fines de luego realizar pericias y continuar con la investigaci\u00f3n sobre el origen del mismo. Cabe mencionar que en dicha vivienda, cuyo propietario ser\u00eda ex miembro de la Fuerza A\u00e9rea, se hallaron a once personas residiendo en el lugar, de las cuales seis son menores de edad.<\/p>\n","protected":false},"excerpt":{"rendered":"<p>Personal de la Divisi\u00f3n Contravenciones y Faltas contra el Orden P\u00fablico de la Polic\u00eda de la Ciudad realiz\u00f3 junto a la Polic\u00eda de la Provincia de Buenos Aires un procedimiento en una vivienda ubicada en Caseros con el objetivo de secuestrar armas en el domicilio de un hombre detenido por lesiones, amenazas, violaci\u00f3n de domicilio [&hellip;]<\/p>\n","protected":false},"author":3,"featured_media":38760,"comment_status":"open","ping_status":"open","sticky":false,"template":"","format":"standard","meta":{"_et_pb_use_builder":"","_et_pb_old_content":"","_et_gb_content_width":"","footnotes":""},"categories":[34,13],"tags":[],"class_list":["post-38759","post","type-post","status-publish","format-standard","has-post-thumbnail","hentry","category-politica","category-provincia"],"_links":{"self":[{"href":"https:\/\/vocesdebaires.com.ar\/index.php\/wp-json\/wp\/v2\/posts\/38759"}],"collection":[{"href":"https:\/\/vocesdebaires.com.ar\/index.php\/wp-json\/wp\/v2\/posts"}],"about":[{"href":"https:\/\/vocesdebaires.com.ar\/index.php\/wp-json\/wp\/v2\/types\/post"}],"author":[{"embeddable":true,"href":"https:\/\/vocesdebaires.com.ar\/index.php\/wp-json\/wp\/v2\/users\/3"}],"replies":[{"embeddable":true,"href":"https:\/\/vocesdebaires.com.ar\/index.php\/wp-json\/wp\/v2\/comments?post=38759"}],"version-history":[{"count":1,"href":"https:\/\/vocesdebaires.com.ar\/index.php\/wp-json\/wp\/v2\/posts\/38759\/revisions"}],"predecessor-version":[{"id":38761,"href":"https:\/\/vocesdebaires.com.ar\/index.php\/wp-json\/wp\/v2\/posts\/38759\/revisions\/38761"}],"wp:featuredmedia":[{"embeddable":true,"href":"https:\/\/vocesdebaires.com.ar\/index.php\/wp-json\/wp\/v2\/media\/38760"}],"wp:attachment":[{"href":"https:\/\/vocesdebaires.com.ar\/index.php\/wp-json\/wp\/v2\/media?parent=38759"}],"wp:term":[{"taxonomy":"category","embeddable":true,"href":"https:\/\/vocesdebaires.com.ar\/index.php\/wp-json\/wp\/v2\/categories?post=38759"},{"taxonomy":"post_tag","embeddable":true,"href":"https:\/\/vocesdebaires.com.ar\/index.php\/wp-json\/wp\/v2\/tags?post=38759"}],"curies":[{"name":"wp","href":"https:\/\/api.w.org\/{rel}","templated":true}]}}