{"id":3877,"date":"2019-10-18T03:24:49","date_gmt":"2019-10-18T06:24:49","guid":{"rendered":"http:\/\/vocesdebaires.com.ar\/wordpress\/index.php\/2019\/10\/18\/comuna-4escuela-paso-de-los-patos\/"},"modified":"2019-10-18T03:24:49","modified_gmt":"2019-10-18T06:24:49","slug":"comuna-4escuela-paso-de-los-patos","status":"publish","type":"post","link":"https:\/\/vocesdebaires.com.ar\/index.php\/2019\/10\/18\/comuna-4escuela-paso-de-los-patos\/","title":{"rendered":"Comuna 4:Escuela \u201cPaso de los Patos\u201d"},"content":{"rendered":"<p>La escuela infantil N\u00b0 11 del distrito escolar 5, de calle Los Patos 3.004, en Parque de los Patricios\u00a0 Comuna 4, llevar\u00e1 en adelante el nombre &quot;Paso de los Patos&quot;, en referencia a uno de los cruces cordilleranos entre Argentina y Chile, utilizado por el grueso del Ejercito de los Andes, en 1817, que lideraba el libertador Jos\u00e9 de San Mart\u00edn. Como es norma del Ministerio de Educaci\u00f3n de la Ciudad, la comunidad educativa de cada establecimiento elige un nombre mediante votaci\u00f3n. Luego, el Ejecutivo env\u00eda a la Legislatura la propuesta, que fue aprobada y convertida en ley en la sesi\u00f3n ordinaria de este jueves, despu\u00e9s de haber sido considerada en Audiencia P\u00fablica y en la Comisi\u00f3n de Cultura del parlamento porte\u00f1o.<\/p>\n","protected":false},"excerpt":{"rendered":"<p>La escuela infantil N\u00b0 11 del distrito escolar 5, de calle Los Patos 3.004, en Parque de los Patricios\u00a0 Comuna 4, llevar\u00e1 en adelante el nombre &quot;Paso de los Patos&quot;, en referencia a uno de los cruces cordilleranos entre Argentina y Chile, utilizado por el grueso del Ejercito de los Andes, en 1817, que lideraba [&hellip;]<\/p>\n","protected":false},"author":1,"featured_media":3878,"comment_status":"open","ping_status":"open","sticky":false,"template":"","format":"standard","meta":{"_et_pb_use_builder":"","_et_pb_old_content":"","_et_gb_content_width":"","footnotes":""},"categories":[11,32],"tags":[],"class_list":["post-3877","post","type-post","status-publish","format-standard","has-post-thumbnail","hentry","category-ciudad","category-comunas"],"_links":{"self":[{"href":"https:\/\/vocesdebaires.com.ar\/index.php\/wp-json\/wp\/v2\/posts\/3877"}],"collection":[{"href":"https:\/\/vocesdebaires.com.ar\/index.php\/wp-json\/wp\/v2\/posts"}],"about":[{"href":"https:\/\/vocesdebaires.com.ar\/index.php\/wp-json\/wp\/v2\/types\/post"}],"author":[{"embeddable":true,"href":"https:\/\/vocesdebaires.com.ar\/index.php\/wp-json\/wp\/v2\/users\/1"}],"replies":[{"embeddable":true,"href":"https:\/\/vocesdebaires.com.ar\/index.php\/wp-json\/wp\/v2\/comments?post=3877"}],"version-history":[{"count":0,"href":"https:\/\/vocesdebaires.com.ar\/index.php\/wp-json\/wp\/v2\/posts\/3877\/revisions"}],"wp:featuredmedia":[{"embeddable":true,"href":"https:\/\/vocesdebaires.com.ar\/index.php\/wp-json\/wp\/v2\/media\/3878"}],"wp:attachment":[{"href":"https:\/\/vocesdebaires.com.ar\/index.php\/wp-json\/wp\/v2\/media?parent=3877"}],"wp:term":[{"taxonomy":"category","embeddable":true,"href":"https:\/\/vocesdebaires.com.ar\/index.php\/wp-json\/wp\/v2\/categories?post=3877"},{"taxonomy":"post_tag","embeddable":true,"href":"https:\/\/vocesdebaires.com.ar\/index.php\/wp-json\/wp\/v2\/tags?post=3877"}],"curies":[{"name":"wp","href":"https:\/\/api.w.org\/{rel}","templated":true}]}}