{"id":38786,"date":"2022-06-13T01:01:38","date_gmt":"2022-06-13T04:01:38","guid":{"rendered":"https:\/\/vocesdebaires.com.ar\/?p=38786"},"modified":"2022-06-13T01:01:38","modified_gmt":"2022-06-13T04:01:38","slug":"con-eje-en-la-produccion-larreta-y-santilli-recorrieron-junin-y-lincoln","status":"publish","type":"post","link":"https:\/\/vocesdebaires.com.ar\/index.php\/2022\/06\/13\/con-eje-en-la-produccion-larreta-y-santilli-recorrieron-junin-y-lincoln\/","title":{"rendered":"Con eje en la producci\u00f3n, Larreta y Santilli recorrieron Jun\u00edn y Lincoln"},"content":{"rendered":"<p>El jefe de Gobierno de la Ciudad de Buenos Aires, Horacio Rodr\u00edguez Larreta, y el diputado nacional, Diego Santilli recorrieron el pasado viernes la cuarta secci\u00f3n electoral en la Provincia de Buenos Aires para mantener encuentros con productores, vecinos y dirigentes locales. La jornada arranc\u00f3 en Jun\u00edn, con una reuni\u00f3n con vecinos y productores de trigo de la zona con el objetivo de conocer sus principales preocupaciones. Los dirigentes de Juntos estuvieron acompa\u00f1ados por el intendente, Pablo Petracca.<\/p>\n<p>En di\u00e1logo con los medios, Rodr\u00edguez Larreta sostuvo: \u201cVenimos a escuchar cu\u00e1les son los temas de mayor preocupaci\u00f3n de los bonaerenses. Ac\u00e1 en Jun\u00edn estuvimos con padres organizados que lucharon el a\u00f1o pasado por la apertura de escuelas; la educaci\u00f3n tiene que ser prioridad. Tambi\u00e9n preocupa mucho la falta de trabajo y las trabas a la producci\u00f3n. No podemos tener un gobierno sin rumbo. Nosotros desde hoy estamos trabajando en construir una alternativa y un plan de gobierno.<\/p>\n<p>Estamos trabajando en c\u00f3mo desarrollar a largo plazo cada una de las regiones y municipios, para aprovechar las ventajas competitivas de la Argentina.\u201dPor su parte Santilli afirm\u00f3: \u201cHay que sacarle la pata de la cabeza al campo. Tiene que ser un aliado para el desarrollo argentino. El pa\u00eds sin planificaci\u00f3n del que habla Horacio se refleja en 19 provincias sin gasoil. Y se empieza a sentir ac\u00e1 en la provincia de Buenos Aires, atentando contra la matriz productiva\u201d. Y agreg\u00f3:<\/p>\n<p>\u201cEl agro es el gran motor de la econom\u00eda argentina. Aporta 7 de cada 10 d\u00f3lares que ingresan al pa\u00eds, 2 de cada 10 puestos de trabajo privado y uno de cada 5 pesos de la recaudaci\u00f3n tributaria. Tenemos que tener una mirada estrat\u00e9gica e inteligente de c\u00f3mo insertar a la Argentina y la Provincia en el mundo\u00bb. Por la tarde, Larreta y Santilli se trasladaron a Lincoln, donde mantuvieron un encuentro con vecinos y recorrieron el centro comercial para conocer la situaci\u00f3n de los due\u00f1os de los locales de la zona. Tambi\u00e9n tuvieron una reuni\u00f3n de trabajo en la Municipalidad con el intendente de Lincoln, Salvador Serenal.<\/p>\n<p>&nbsp;<\/p>\n<p>Larreta y Santilli:\u00bb La falta de gasoil atenta la productiva del pa\u00eds\u00bb<\/p>\n","protected":false},"excerpt":{"rendered":"<p>El jefe de Gobierno de la Ciudad de Buenos Aires, Horacio Rodr\u00edguez Larreta, y el diputado nacional, Diego Santilli recorrieron el pasado viernes la cuarta secci\u00f3n electoral en la Provincia de Buenos Aires para mantener encuentros con productores, vecinos y dirigentes locales. La jornada arranc\u00f3 en Jun\u00edn, con una reuni\u00f3n con vecinos y productores de [&hellip;]<\/p>\n","protected":false},"author":2,"featured_media":38787,"comment_status":"open","ping_status":"open","sticky":false,"template":"","format":"standard","meta":{"_et_pb_use_builder":"","_et_pb_old_content":"","_et_gb_content_width":"","footnotes":""},"categories":[34,13],"tags":[],"class_list":["post-38786","post","type-post","status-publish","format-standard","has-post-thumbnail","hentry","category-politica","category-provincia"],"_links":{"self":[{"href":"https:\/\/vocesdebaires.com.ar\/index.php\/wp-json\/wp\/v2\/posts\/38786"}],"collection":[{"href":"https:\/\/vocesdebaires.com.ar\/index.php\/wp-json\/wp\/v2\/posts"}],"about":[{"href":"https:\/\/vocesdebaires.com.ar\/index.php\/wp-json\/wp\/v2\/types\/post"}],"author":[{"embeddable":true,"href":"https:\/\/vocesdebaires.com.ar\/index.php\/wp-json\/wp\/v2\/users\/2"}],"replies":[{"embeddable":true,"href":"https:\/\/vocesdebaires.com.ar\/index.php\/wp-json\/wp\/v2\/comments?post=38786"}],"version-history":[{"count":1,"href":"https:\/\/vocesdebaires.com.ar\/index.php\/wp-json\/wp\/v2\/posts\/38786\/revisions"}],"predecessor-version":[{"id":38788,"href":"https:\/\/vocesdebaires.com.ar\/index.php\/wp-json\/wp\/v2\/posts\/38786\/revisions\/38788"}],"wp:featuredmedia":[{"embeddable":true,"href":"https:\/\/vocesdebaires.com.ar\/index.php\/wp-json\/wp\/v2\/media\/38787"}],"wp:attachment":[{"href":"https:\/\/vocesdebaires.com.ar\/index.php\/wp-json\/wp\/v2\/media?parent=38786"}],"wp:term":[{"taxonomy":"category","embeddable":true,"href":"https:\/\/vocesdebaires.com.ar\/index.php\/wp-json\/wp\/v2\/categories?post=38786"},{"taxonomy":"post_tag","embeddable":true,"href":"https:\/\/vocesdebaires.com.ar\/index.php\/wp-json\/wp\/v2\/tags?post=38786"}],"curies":[{"name":"wp","href":"https:\/\/api.w.org\/{rel}","templated":true}]}}