{"id":3889,"date":"2019-10-17T03:00:00","date_gmt":"2019-10-17T06:00:00","guid":{"rendered":"http:\/\/vocesdebaires.com.ar\/wordpress\/index.php\/2019\/10\/17\/plaza-espana-analizan-afectacion-ambiental\/"},"modified":"2019-10-17T03:00:00","modified_gmt":"2019-10-17T06:00:00","slug":"plaza-espana-analizan-afectacion-ambiental","status":"publish","type":"post","link":"https:\/\/vocesdebaires.com.ar\/index.php\/2019\/10\/17\/plaza-espana-analizan-afectacion-ambiental\/","title":{"rendered":"Plaza Espa\u00f1a: Analizan afectaci\u00f3n ambiental"},"content":{"rendered":"<p>El titular del juzgado N\u00ba14 en lo Contencioso Administrativo y Tributario de la Ciudad de Buenos Aires, Lisandro Fastman, dict\u00f3 una medida precautelar que se mantendr\u00e1 hasta tanto se responda el pedido de documentaci\u00f3n y el traslado que dispone, y sea resuelta la medida cautelar o se agreguen al expediente constancias que hagan cambiar el criterio adoptado. Requiri\u00f3 adem\u00e1s al GCBA que, en el plazo de cinco d\u00edas, remita copias certificadas de todas las actuaciones administrativas de la obra y se abstenga de iniciar cualquier tipo de actividades o trabajos de construcci\u00f3n e intervenci\u00f3n en el proyecto Parque de la Cultura, que pueda reducir espacios verdes en la Plaza Espa\u00f1a; y en caso de haberse iniciado, los debe suspender de inmediato y comunicarlo al magistrado dentro del plazo de tres d\u00edas.<\/p>\n<p>Todo ello en el marco de los autos caratulados Asociaci\u00f3n Civil Observatorio del Derecho a la Ciudad contra GCBA sobre Amparo \u2013 Ambiental, Expte.: 9213\/2019-0.La entidad solicit\u00f3 que se ordene de manera urgente al GCBA la suspensi\u00f3n de la construcci\u00f3n de los edificios y de toda otra obra que no cuente con autorizaci\u00f3n de la Legislatura de la Ciudad y sea incompatible con el Distrito Urbanizaci\u00f3n Parque y los caracteres de los espacios verdes p\u00fablicos; y se convoque a una mesa de trabajo a la ciudadan\u00eda, a los colectivos, al Consejo Consultivo y la junta Comunal de la Comuna 4, para la discusi\u00f3n y elaboraci\u00f3n de un Plan de Manejo del Parque Espa\u00f1a. La construcci\u00f3n de edificios gubernamentales en espacios verdes destruye su car\u00e1cter de uso p\u00fablico, argumentaron.<\/p>\n<p>En este punto, sostuvieron tambi\u00e9n que es la Legislatura de la Ciudad la \u00fanica competente para modificar el Distrito o los usos permitidos de una parcela.Fastman sostuvo que resulta apropiado o\u00edr a la autoridad administrativa demandada, y aclar\u00f3 que lo que aqu\u00ed se dispone no importa cuestionamiento alguno a la oportunidad, m\u00e9rito y conveniencia del Proyecto cuestionado, aspectos propios del resorte exclusivo de la administraci\u00f3n demandada, como as\u00ed tampoco a la insoslayable importancia y trascendencia de los objetivos educativos y culturales propuestos, sino que se centra en la posible afectaci\u00f3n irreversible al ambiente. El proyecto Parque de la Cultura consiste en la creaci\u00f3n de una nueva sede central para el Ministerio de Cultura del Ejecutivo porte\u00f1o, y otros edificios en un sector de dicho parque p\u00fablico, ubicado en la esquina conformada por la avenida Caseros y la calle Baigorri.<\/p>\n","protected":false},"excerpt":{"rendered":"<p>El titular del juzgado N\u00ba14 en lo Contencioso Administrativo y Tributario de la Ciudad de Buenos Aires, Lisandro Fastman, dict\u00f3 una medida precautelar que se mantendr\u00e1 hasta tanto se responda el pedido de documentaci\u00f3n y el traslado que dispone, y sea resuelta la medida cautelar o se agreguen al expediente constancias que hagan cambiar el [&hellip;]<\/p>\n","protected":false},"author":1,"featured_media":3890,"comment_status":"open","ping_status":"open","sticky":false,"template":"","format":"standard","meta":{"_et_pb_use_builder":"","_et_pb_old_content":"","_et_gb_content_width":"","footnotes":""},"categories":[11,32],"tags":[],"class_list":["post-3889","post","type-post","status-publish","format-standard","has-post-thumbnail","hentry","category-ciudad","category-comunas"],"_links":{"self":[{"href":"https:\/\/vocesdebaires.com.ar\/index.php\/wp-json\/wp\/v2\/posts\/3889"}],"collection":[{"href":"https:\/\/vocesdebaires.com.ar\/index.php\/wp-json\/wp\/v2\/posts"}],"about":[{"href":"https:\/\/vocesdebaires.com.ar\/index.php\/wp-json\/wp\/v2\/types\/post"}],"author":[{"embeddable":true,"href":"https:\/\/vocesdebaires.com.ar\/index.php\/wp-json\/wp\/v2\/users\/1"}],"replies":[{"embeddable":true,"href":"https:\/\/vocesdebaires.com.ar\/index.php\/wp-json\/wp\/v2\/comments?post=3889"}],"version-history":[{"count":0,"href":"https:\/\/vocesdebaires.com.ar\/index.php\/wp-json\/wp\/v2\/posts\/3889\/revisions"}],"wp:featuredmedia":[{"embeddable":true,"href":"https:\/\/vocesdebaires.com.ar\/index.php\/wp-json\/wp\/v2\/media\/3890"}],"wp:attachment":[{"href":"https:\/\/vocesdebaires.com.ar\/index.php\/wp-json\/wp\/v2\/media?parent=3889"}],"wp:term":[{"taxonomy":"category","embeddable":true,"href":"https:\/\/vocesdebaires.com.ar\/index.php\/wp-json\/wp\/v2\/categories?post=3889"},{"taxonomy":"post_tag","embeddable":true,"href":"https:\/\/vocesdebaires.com.ar\/index.php\/wp-json\/wp\/v2\/tags?post=3889"}],"curies":[{"name":"wp","href":"https:\/\/api.w.org\/{rel}","templated":true}]}}