{"id":38909,"date":"2022-06-20T00:00:14","date_gmt":"2022-06-20T03:00:14","guid":{"rendered":"https:\/\/vocesdebaires.com.ar\/?p=38909"},"modified":"2022-06-19T20:32:02","modified_gmt":"2022-06-19T23:32:02","slug":"santilli-y-passaglia-estamos-perdiendo-mercados-por-la-ineptitud-kirchnerismo","status":"publish","type":"post","link":"https:\/\/vocesdebaires.com.ar\/index.php\/2022\/06\/20\/santilli-y-passaglia-estamos-perdiendo-mercados-por-la-ineptitud-kirchnerismo\/","title":{"rendered":"Santilli: \u201cEstamos perdiendo mercados por la ineptitud kirchnerismo\u201d"},"content":{"rendered":"<p>El diputado nacional de Juntos por el Cambio, Diego Santilli, y el intendente de San Nicol\u00e1s, Manuel Passaglia, aseguraron el pasado viernes que \u201csin reglas claras y previsibles, la Argentina va a seguir retrocediendo en materia exportadora\u201d. \u201cEs un gobierno que no cree ni valora al sector productivo\u201d, afirm\u00f3 Santilli. El pasado viernes en la ciudad de San Nicol\u00e1s, el diputado nacional Diego Santilli y el intendente Manuel Passaglia participaron de una actividad conjunta con productores y empresarios del sector agropecuario y agroindustrial. M\u00e1s tarde, mantuvieron una reuni\u00f3n con vecinos nicole\u00f1os y visitaron el Santuario Nuestra Se\u00f1ora del Rosario de San Nicol\u00e1s.<\/p>\n<p>\u201cEstamos perdiendo mercados internacionales por la ineptitud y la ceguera ideol\u00f3gica del kirchnerismo\u201d, afirm\u00f3 Santilli. \u201cSin reglas claras y previsibles, la Argentina va a seguir retrocediendo en materia exportadora, y hoy m\u00e1s que nunca, necesitamos generar divisas y empleo\u201d, sintetiz\u00f3 Passaglia.\u00a0 \u201cEs un gobierno que no valora, no cree ni respeta al sector privado. Aumentaron 16 impuestos y crearon 3 nuevos. La \u00fanica idea que tienen es c\u00f3mo seguir asfixiando al sector privado para financiar el gasto p\u00fablico.<\/p>\n<p>Tenemos que dar vuelta esta triste p\u00e1gina de un gobierno que ha profundizado todos los problemas estructurales de la provincia y el pa\u00eds\u201d, asegur\u00f3 Santilli, que estuvo ayer recorriendo Ramallo y Baradero, dos ciudades que tambi\u00e9n pertenecen a la segunda secci\u00f3n electoral.Luego de la visita a San Nicol\u00e1s, Diego Santilli recorri\u00f3 esta tarde la localidad de Pergamino. Junto al intendente Javier Mart\u00ednez, comparti\u00f3 un almuerzo con dirigentes de Juntos por el Cambio y luego mantuvo un encuentro con vecinos, comerciantes y productores.<\/p>\n<p>Para Santilli, la Argentina est\u00e1 \u201catravesando una de las peores crisis de la historia, por eso considero que no es momento de lanzar candidaturas ni proyectos personales. Tenemos que estar preparados y a la altura de la compleja situaci\u00f3n que est\u00e1n atravesando millones de argentinos\u201d. \u201cSi queremos volver a ser gobierno en el 2023, tenemos que caminar, recorrer y llevar nuestra propuesta de cambio a cada rinc\u00f3n de la provincia de Buenos Aires. No hay proyecto nacional sin una provincia pujante, bien gestionada y con mucha vocaci\u00f3n y planificaci\u00f3n para ir lentamente levantando a este gigante dormido\u201d, concluy\u00f3 Santilli.<\/p>\n","protected":false},"excerpt":{"rendered":"<p>El diputado nacional de Juntos por el Cambio, Diego Santilli, y el intendente de San Nicol\u00e1s, Manuel Passaglia, aseguraron el pasado viernes que \u201csin reglas claras y previsibles, la Argentina va a seguir retrocediendo en materia exportadora\u201d. \u201cEs un gobierno que no cree ni valora al sector productivo\u201d, afirm\u00f3 Santilli. El pasado viernes en la [&hellip;]<\/p>\n","protected":false},"author":2,"featured_media":38910,"comment_status":"open","ping_status":"open","sticky":false,"template":"","format":"standard","meta":{"_et_pb_use_builder":"","_et_pb_old_content":"","_et_gb_content_width":"","footnotes":""},"categories":[34,13],"tags":[],"class_list":["post-38909","post","type-post","status-publish","format-standard","has-post-thumbnail","hentry","category-politica","category-provincia"],"_links":{"self":[{"href":"https:\/\/vocesdebaires.com.ar\/index.php\/wp-json\/wp\/v2\/posts\/38909"}],"collection":[{"href":"https:\/\/vocesdebaires.com.ar\/index.php\/wp-json\/wp\/v2\/posts"}],"about":[{"href":"https:\/\/vocesdebaires.com.ar\/index.php\/wp-json\/wp\/v2\/types\/post"}],"author":[{"embeddable":true,"href":"https:\/\/vocesdebaires.com.ar\/index.php\/wp-json\/wp\/v2\/users\/2"}],"replies":[{"embeddable":true,"href":"https:\/\/vocesdebaires.com.ar\/index.php\/wp-json\/wp\/v2\/comments?post=38909"}],"version-history":[{"count":2,"href":"https:\/\/vocesdebaires.com.ar\/index.php\/wp-json\/wp\/v2\/posts\/38909\/revisions"}],"predecessor-version":[{"id":38912,"href":"https:\/\/vocesdebaires.com.ar\/index.php\/wp-json\/wp\/v2\/posts\/38909\/revisions\/38912"}],"wp:featuredmedia":[{"embeddable":true,"href":"https:\/\/vocesdebaires.com.ar\/index.php\/wp-json\/wp\/v2\/media\/38910"}],"wp:attachment":[{"href":"https:\/\/vocesdebaires.com.ar\/index.php\/wp-json\/wp\/v2\/media?parent=38909"}],"wp:term":[{"taxonomy":"category","embeddable":true,"href":"https:\/\/vocesdebaires.com.ar\/index.php\/wp-json\/wp\/v2\/categories?post=38909"},{"taxonomy":"post_tag","embeddable":true,"href":"https:\/\/vocesdebaires.com.ar\/index.php\/wp-json\/wp\/v2\/tags?post=38909"}],"curies":[{"name":"wp","href":"https:\/\/api.w.org\/{rel}","templated":true}]}}