{"id":38986,"date":"2022-06-24T11:49:07","date_gmt":"2022-06-24T14:49:07","guid":{"rendered":"https:\/\/vocesdebaires.com.ar\/?p=38986"},"modified":"2022-06-24T11:49:42","modified_gmt":"2022-06-24T14:49:42","slug":"martiniano-y-diego-encabezaron-el-acto-de-lanzamiento-del-instituto-republica","status":"publish","type":"post","link":"https:\/\/vocesdebaires.com.ar\/index.php\/2022\/06\/24\/martiniano-y-diego-encabezaron-el-acto-de-lanzamiento-del-instituto-republica\/","title":{"rendered":"Martiniano y Diego:En el acto de lanzamiento del Instituto Rep\u00fablica"},"content":{"rendered":"<p>Martiniano Molina, actual diputado provincial por \u201cJuntos\u201d y el diputado nacional Diego Santilli, encabezaron el acto de lanzamiento del Instituto Rep\u00fablica, un espacio destinado a la formaci\u00f3n de l\u00edderes pol\u00edticos, ubicado en Rodolfo L\u00f3pez 468 de la Ciudad de Quilmes. Este espacio de formaci\u00f3n propone ser un lugar destinado a la capacitaci\u00f3n en temas como educaci\u00f3n, pol\u00edticas sanitarias, seguridad, justicia, desarrollo social, ciencia y tecnolog\u00eda, comunicaci\u00f3n pol\u00edtica, ambiente y desarrollo sustentable, pol\u00edticas de g\u00e9nero y federalismo, entre otras muchas propuestas, abordadas por los m\u00e1s destacados dirigentes del espacio y especialistas en cada una de las tem\u00e1ticas.<\/p>\n<p>El Instituto Rep\u00fablica, Regional Quilmes, estar\u00e1 bajo la direcci\u00f3n de la Dra. Myriam Pucheta, quien coordinar\u00e1 las tareas para que el espacio sea tambi\u00e9n un lugar de encuentro e intercambio, donde la diversidad de miradas e ideas, enriquezcan la formaci\u00f3n de car\u00e1cter republicano que combina la preparaci\u00f3n pol\u00edtica con la adquisici\u00f3n de herramientas acad\u00e9micas y t\u00e9cnicas.\u00a0 El Instituto Rep\u00fablica promover\u00e1 el encuentro de todos aquellos que entienden la pol\u00edtica como una herramienta de construcci\u00f3n social y de trabajo por un futuro mejor. Del acto de presentaci\u00f3n tambi\u00e9n participaron el Director General, Jos\u00e9 Luis Acevedo, el Director Acad\u00e9mico David Cohen y Judith Cichowolski, Directora Operativa y referentes de otras Regionales de la Provincia.<\/p>\n<p>Desde su inauguraci\u00f3n el 9 de julio de 2021, el Instituto Rep\u00fablica present\u00f3 un centenar de clases, cursos, actividades en territorio, conversatorios, entrevistas, encuentros con referentes, visitas y charlas, de las que participaron ciudadanos que quieren comprometerse con la pol\u00edtica desde un plano real y sumarse a la imprescindible tarea de emprender la transformaci\u00f3n pol\u00edtica y social que la Naci\u00f3n, la Provincia y los municipios necesitan. Durante este a\u00f1o el Instituto Rep\u00fablica lleg\u00f3 presencialmente a distintos distritos de la Provincia de Buenos Aires como la Sede Regional Almirante Brown, Lomas de Zamora, General Rodr\u00edguez, Bah\u00eda Blanca, Berazategui, Chascom\u00fas, General Villegas y Tandil.<\/p>\n","protected":false},"excerpt":{"rendered":"<p>Martiniano Molina, actual diputado provincial por \u201cJuntos\u201d y el diputado nacional Diego Santilli, encabezaron el acto de lanzamiento del Instituto Rep\u00fablica, un espacio destinado a la formaci\u00f3n de l\u00edderes pol\u00edticos, ubicado en Rodolfo L\u00f3pez 468 de la Ciudad de Quilmes. Este espacio de formaci\u00f3n propone ser un lugar destinado a la capacitaci\u00f3n en temas como [&hellip;]<\/p>\n","protected":false},"author":2,"featured_media":38987,"comment_status":"open","ping_status":"open","sticky":false,"template":"","format":"standard","meta":{"_et_pb_use_builder":"","_et_pb_old_content":"","_et_gb_content_width":"","footnotes":""},"categories":[34,13],"tags":[],"class_list":["post-38986","post","type-post","status-publish","format-standard","has-post-thumbnail","hentry","category-politica","category-provincia"],"_links":{"self":[{"href":"https:\/\/vocesdebaires.com.ar\/index.php\/wp-json\/wp\/v2\/posts\/38986"}],"collection":[{"href":"https:\/\/vocesdebaires.com.ar\/index.php\/wp-json\/wp\/v2\/posts"}],"about":[{"href":"https:\/\/vocesdebaires.com.ar\/index.php\/wp-json\/wp\/v2\/types\/post"}],"author":[{"embeddable":true,"href":"https:\/\/vocesdebaires.com.ar\/index.php\/wp-json\/wp\/v2\/users\/2"}],"replies":[{"embeddable":true,"href":"https:\/\/vocesdebaires.com.ar\/index.php\/wp-json\/wp\/v2\/comments?post=38986"}],"version-history":[{"count":2,"href":"https:\/\/vocesdebaires.com.ar\/index.php\/wp-json\/wp\/v2\/posts\/38986\/revisions"}],"predecessor-version":[{"id":38989,"href":"https:\/\/vocesdebaires.com.ar\/index.php\/wp-json\/wp\/v2\/posts\/38986\/revisions\/38989"}],"wp:featuredmedia":[{"embeddable":true,"href":"https:\/\/vocesdebaires.com.ar\/index.php\/wp-json\/wp\/v2\/media\/38987"}],"wp:attachment":[{"href":"https:\/\/vocesdebaires.com.ar\/index.php\/wp-json\/wp\/v2\/media?parent=38986"}],"wp:term":[{"taxonomy":"category","embeddable":true,"href":"https:\/\/vocesdebaires.com.ar\/index.php\/wp-json\/wp\/v2\/categories?post=38986"},{"taxonomy":"post_tag","embeddable":true,"href":"https:\/\/vocesdebaires.com.ar\/index.php\/wp-json\/wp\/v2\/tags?post=38986"}],"curies":[{"name":"wp","href":"https:\/\/api.w.org\/{rel}","templated":true}]}}