{"id":39034,"date":"2022-06-27T00:00:57","date_gmt":"2022-06-27T03:00:57","guid":{"rendered":"https:\/\/vocesdebaires.com.ar\/?p=39034"},"modified":"2022-06-26T22:23:08","modified_gmt":"2022-06-27T01:23:08","slug":"diego-santilli-recorrio-durante-mas-de-10-horas-los-barrios-de-la-matanza","status":"publish","type":"post","link":"https:\/\/vocesdebaires.com.ar\/index.php\/2022\/06\/27\/diego-santilli-recorrio-durante-mas-de-10-horas-los-barrios-de-la-matanza\/","title":{"rendered":"Diego Santilli: Recorri\u00f3 durante m\u00e1s de 10 horas, los barrios de la matanza"},"content":{"rendered":"<p>El diputado nacional recorri\u00f3 ayer durante m\u00e1s de 10 horas los barrios de Gonz\u00e1lez Cat\u00e1n, Laferrere y Aldo Bonzi. \u00abLos matanceros no est\u00e1n condenados a la pobreza estructural y a la miseria, son d\u00e9cadas de desgobierno, es hora de que juntos demos vuelta la historia y ganemos La Matanza\u00bb, asegur\u00f3. Santilli recorri\u00f3 el pasado viernes durante m\u00e1s de 10 horas los barrios que integran el partido de La Matanza, donde realiz\u00f3 varias caminatas, reuniones con vecinos, comerciantes y empresarios. Al finalizar la jornada, el funcionario manifest\u00f3: \u201cPara cambiar la Provincia, tenemos que llenar las urnas de votos en La Matanza\u201d.<\/p>\n<p>La recorrida comenz\u00f3 en Gonz\u00e1lez Cat\u00e1n con un encuentro con el hijo de Ren\u00e9 Parra Mendoza, el hombre asesinado a balazos en un ataque relacionado con su labor comunitaria y su lucha contra la inseguridad y el avance narco en la zona. Santilli luego se reuni\u00f3 con el ex futbolista Diego Jaime, quien jugaba de delantero en Laferrere y no le renovaron el contrato cuando comenz\u00f3 la pandemia. Por este motivo, se las tuvo que ingeniar vendiendo hamburguesas y fund\u00f3 \u201cMorfi Burger\u201d, que a partir de un sistema de franquicias actualmente tiene cinco locales y m\u00e1s de 50 empleados.<\/p>\n<p>La visita a Gonz\u00e1lez Cat\u00e1n finaliz\u00f3 con un encuentro en el Centro Comunitario Acci\u00f3n Vecinal y una reuni\u00f3n con pastores evang\u00e9licos en la Iglesia Punto De Vida. La jornada continu\u00f3 en Laferrere con un encuentro con empresarios de la zona.Finalmente, acompa\u00f1ado por la dirigente de Juntos Florencia Arietto y el ex diputado nacional Hern\u00e1n Berisso, Santilli se junt\u00f3 con vecinos de Aldo Bonzi quienes le trasladaron las principales preocupaciones de la localidad matancera.<\/p>\n<p>\u201cPara cambiar la Provincia, tenemos que llenar las urnas de votos en La Matanza. Los matanceros no est\u00e1n condenados a la pobreza estructural y a la miseria, son d\u00e9cadas de desgobierno, es hora de que juntos demos vuelta la historia y ganemos La Matanza\u00bb, asegur\u00f3 Santilli. Por su parte, la dirigente de Juntos Florencia Arietto afirm\u00f3: \u00abac\u00e1 hay un equipo para dar pelea por el trabajo, el progreso, la ley y el orden. Creemos en la seguridad. Creemos en que el que las hace las paga\u00bb. Y concluy\u00f3: \u00abtenemos el compromiso de cambiar las cosas, la vamos a pelear y necesitamos compa\u00f1\u00eda y apoyo\u00bb.<\/p>\n","protected":false},"excerpt":{"rendered":"<p>El diputado nacional recorri\u00f3 ayer durante m\u00e1s de 10 horas los barrios de Gonz\u00e1lez Cat\u00e1n, Laferrere y Aldo Bonzi. \u00abLos matanceros no est\u00e1n condenados a la pobreza estructural y a la miseria, son d\u00e9cadas de desgobierno, es hora de que juntos demos vuelta la historia y ganemos La Matanza\u00bb, asegur\u00f3. Santilli recorri\u00f3 el pasado viernes [&hellip;]<\/p>\n","protected":false},"author":2,"featured_media":39035,"comment_status":"open","ping_status":"open","sticky":false,"template":"","format":"standard","meta":{"_et_pb_use_builder":"","_et_pb_old_content":"","_et_gb_content_width":"","footnotes":""},"categories":[34,13],"tags":[],"class_list":["post-39034","post","type-post","status-publish","format-standard","has-post-thumbnail","hentry","category-politica","category-provincia"],"_links":{"self":[{"href":"https:\/\/vocesdebaires.com.ar\/index.php\/wp-json\/wp\/v2\/posts\/39034"}],"collection":[{"href":"https:\/\/vocesdebaires.com.ar\/index.php\/wp-json\/wp\/v2\/posts"}],"about":[{"href":"https:\/\/vocesdebaires.com.ar\/index.php\/wp-json\/wp\/v2\/types\/post"}],"author":[{"embeddable":true,"href":"https:\/\/vocesdebaires.com.ar\/index.php\/wp-json\/wp\/v2\/users\/2"}],"replies":[{"embeddable":true,"href":"https:\/\/vocesdebaires.com.ar\/index.php\/wp-json\/wp\/v2\/comments?post=39034"}],"version-history":[{"count":2,"href":"https:\/\/vocesdebaires.com.ar\/index.php\/wp-json\/wp\/v2\/posts\/39034\/revisions"}],"predecessor-version":[{"id":39037,"href":"https:\/\/vocesdebaires.com.ar\/index.php\/wp-json\/wp\/v2\/posts\/39034\/revisions\/39037"}],"wp:featuredmedia":[{"embeddable":true,"href":"https:\/\/vocesdebaires.com.ar\/index.php\/wp-json\/wp\/v2\/media\/39035"}],"wp:attachment":[{"href":"https:\/\/vocesdebaires.com.ar\/index.php\/wp-json\/wp\/v2\/media?parent=39034"}],"wp:term":[{"taxonomy":"category","embeddable":true,"href":"https:\/\/vocesdebaires.com.ar\/index.php\/wp-json\/wp\/v2\/categories?post=39034"},{"taxonomy":"post_tag","embeddable":true,"href":"https:\/\/vocesdebaires.com.ar\/index.php\/wp-json\/wp\/v2\/tags?post=39034"}],"curies":[{"name":"wp","href":"https:\/\/api.w.org\/{rel}","templated":true}]}}