{"id":39094,"date":"2022-06-30T17:24:18","date_gmt":"2022-06-30T20:24:18","guid":{"rendered":"https:\/\/vocesdebaires.com.ar\/?p=39094"},"modified":"2022-06-30T17:24:18","modified_gmt":"2022-06-30T20:24:18","slug":"en-ciudadcena-anual-de-la-fundacion-de-solidaria-fundacion-fernandez","status":"publish","type":"post","link":"https:\/\/vocesdebaires.com.ar\/index.php\/2022\/06\/30\/en-ciudadcena-anual-de-la-fundacion-de-solidaria-fundacion-fernandez\/","title":{"rendered":"En ciudad:Cena Anual de la Fundaci\u00f3n de solidaria, fundaci\u00f3n\u00a0 Fern\u00e1ndez"},"content":{"rendered":"<p>La Fundaci\u00f3n Fern\u00e1ndez volvi\u00f3 a reencontrarse con amigos y donantes, luego de los dos a\u00f1os de pandemia en los que intensific\u00f3 su apoyo al Hospital Dr. Juan A. Fern\u00e1ndez. Su tradicional<br \/>\n\u00abComida Anual Solidaria\u00bb se realiz\u00f3 nuevamente, pero en esta oportunidad y por primera vez en el Centro Cultural Kirchner, tanto en la c\u00fapula como en el sector gastron\u00f3mico del noveno piso.<br \/>\nEl momento institucional incluy\u00f3 una versi\u00f3n de \u201cAdi\u00f3s Nonino\u201d de Astor Piazzolla, realizada magistralmente por Daniel Ruggiero, las palabras de la presidente de la instituci\u00f3n, Miriam Bag\u00f3,<br \/>\nde la presidenta honorar\u00eda, Mirtha Legrand y del Ministro de Salud de la CABA, Dr. Fern\u00e1n Quir\u00f3s y la proyecci\u00f3n de un video sobre el trabajo hecho por la organizaci\u00f3n durante la crisis del<br \/>\ncovid-19.<\/p>\n<p>Adem\u00e1s, la legisladora porte\u00f1a, Dra. Ana Mar\u00eda Bou P\u00e9rez, hizo entrega de una placa como reconocimiento de la Legislatura de la ciudad a la Fundaci\u00f3n Fern\u00e1ndez, declar\u00e1ndola \u201cEntidad<br \/>\nde Inter\u00e9s P\u00fablico para la Salud\u201d. Luego se realiz\u00f3 una comida con premios sorpresas. Como cierre, el Director del Hospital, el Dr. Ignacio Previgliano, agradeci\u00f3 el constante apoyo que la Fundaci\u00f3n brinda al querido hospital. Este encuentro tuvo un objetivo solidario definido: comenzar a generar los recursos necesarios para la remodelaci\u00f3n y equipamiento total de la Sala de Di\u00e1lisis del Fern\u00e1ndez. Los invitados presentes, en su mayor\u00eda empresarios, dieron un fuerte apoyo con su participaci\u00f3n y donaciones<br \/>\npara comenzar la obra.<\/p>\n","protected":false},"excerpt":{"rendered":"<p>La Fundaci\u00f3n Fern\u00e1ndez volvi\u00f3 a reencontrarse con amigos y donantes, luego de los dos a\u00f1os de pandemia en los que intensific\u00f3 su apoyo al Hospital Dr. Juan A. Fern\u00e1ndez. Su tradicional \u00abComida Anual Solidaria\u00bb se realiz\u00f3 nuevamente, pero en esta oportunidad y por primera vez en el Centro Cultural Kirchner, tanto en la c\u00fapula como [&hellip;]<\/p>\n","protected":false},"author":2,"featured_media":39095,"comment_status":"open","ping_status":"open","sticky":false,"template":"","format":"standard","meta":{"_et_pb_use_builder":"","_et_pb_old_content":"","_et_gb_content_width":"","footnotes":""},"categories":[11,33],"tags":[],"class_list":["post-39094","post","type-post","status-publish","format-standard","has-post-thumbnail","hentry","category-ciudad","category-sociedad-y-cultura-2"],"_links":{"self":[{"href":"https:\/\/vocesdebaires.com.ar\/index.php\/wp-json\/wp\/v2\/posts\/39094"}],"collection":[{"href":"https:\/\/vocesdebaires.com.ar\/index.php\/wp-json\/wp\/v2\/posts"}],"about":[{"href":"https:\/\/vocesdebaires.com.ar\/index.php\/wp-json\/wp\/v2\/types\/post"}],"author":[{"embeddable":true,"href":"https:\/\/vocesdebaires.com.ar\/index.php\/wp-json\/wp\/v2\/users\/2"}],"replies":[{"embeddable":true,"href":"https:\/\/vocesdebaires.com.ar\/index.php\/wp-json\/wp\/v2\/comments?post=39094"}],"version-history":[{"count":1,"href":"https:\/\/vocesdebaires.com.ar\/index.php\/wp-json\/wp\/v2\/posts\/39094\/revisions"}],"predecessor-version":[{"id":39096,"href":"https:\/\/vocesdebaires.com.ar\/index.php\/wp-json\/wp\/v2\/posts\/39094\/revisions\/39096"}],"wp:featuredmedia":[{"embeddable":true,"href":"https:\/\/vocesdebaires.com.ar\/index.php\/wp-json\/wp\/v2\/media\/39095"}],"wp:attachment":[{"href":"https:\/\/vocesdebaires.com.ar\/index.php\/wp-json\/wp\/v2\/media?parent=39094"}],"wp:term":[{"taxonomy":"category","embeddable":true,"href":"https:\/\/vocesdebaires.com.ar\/index.php\/wp-json\/wp\/v2\/categories?post=39094"},{"taxonomy":"post_tag","embeddable":true,"href":"https:\/\/vocesdebaires.com.ar\/index.php\/wp-json\/wp\/v2\/tags?post=39094"}],"curies":[{"name":"wp","href":"https:\/\/api.w.org\/{rel}","templated":true}]}}