{"id":39139,"date":"2022-07-04T00:00:13","date_gmt":"2022-07-04T03:00:13","guid":{"rendered":"https:\/\/vocesdebaires.com.ar\/?p=39139"},"modified":"2022-07-03T19:26:43","modified_gmt":"2022-07-03T22:26:43","slug":"la-legislatura-portena-recibio-un-nuevo-sello-verde","status":"publish","type":"post","link":"https:\/\/vocesdebaires.com.ar\/index.php\/2022\/07\/04\/la-legislatura-portena-recibio-un-nuevo-sello-verde\/","title":{"rendered":"La Legislatura porte\u00f1a recibi\u00f3 un nuevo &#8216;Sello Verde&#8217;"},"content":{"rendered":"<p>La ministra de Espacio P\u00fablico e Higiene Urbana del Gobierno de la Ciudad Aut\u00f3noma de Buenos Aires, Clara Muzzio, entreg\u00f3 el \u00abSello Verde\u00bb a la Legislatura. El acto se desarroll\u00f3 en el Hall de Honor de la planta principal, con la participaci\u00f3n del vicepresidente 1\u00b0, Emmanuel Ferrario; la secretaria administrativa, Florencia Romano; el director general de Reciclado y Econom\u00eda Circular, Francisco S\u00e1nchez Moreno, y los legisladores por Vamos Juntos, Hern\u00e1n Reyes y Mercedes De Las Casas.<\/p>\n<p>\u201cEs una alegr\u00eda para nosotros recibir este segundo sello y camino al tercero, que muestra nuestro compromiso y la conciencia en la preservaci\u00f3n del ambiente. En esta Legislatura estamos comprometidos con esta agenda\u201d, declar\u00f3 Ferrario. Por su parte, Romano enumer\u00f3 gran parte de los proyectos que se engloban en el marco de la sustentabilidad, tales como la digitalizaci\u00f3n de tr\u00e1mites, el trabajo conjunto con Cascos Verdes y las capacitaciones y concientizaciones dictadas sobre el tema.<\/p>\n<p>En tanto, Muzzio reconoci\u00f3 el trabajo realizado en la sede parlamentaria y agreg\u00f3: \u201cson peque\u00f1as acciones que todos y todas podemos hacer, para generar un cambio sustancial en la ciudad y que sea llevado a toda la Argentina\u201d. Adem\u00e1s, inform\u00f3 que el ministerio donar\u00e1 cestos org\u00e1nicos para el tratamiento de dichos residuos. En la misma l\u00ednea, La legisladora De Las Casas celebr\u00f3 el trabajo conjunto, donde \u201ccada uno puso su granito de arena para dar el ejemplo como funcionarios y representantes de la ciudad\u201d.<\/p>\n<p>Finalmente Reyes concluy\u00f3: \u201ctenemos que ser coherentes como diputados en cambiar esos h\u00e1bitos y cultura en nuestra propia casa. Eso es muy positivo porque lo estamos logrando\u201d.<br \/>\n&#8216;Sello Verde&#8217; es una iniciativa que surge del Ministerio de Espacio P\u00fablico e Higiene Urbana porte\u00f1o para distinguir la correcta implementaci\u00f3n y buenas pr\u00e1cticas en la gesti\u00f3n de residuos. Y tiene como objetivo contribuir a la sustentabilidad de la ciudad.<\/p>\n","protected":false},"excerpt":{"rendered":"<p>La ministra de Espacio P\u00fablico e Higiene Urbana del Gobierno de la Ciudad Aut\u00f3noma de Buenos Aires, Clara Muzzio, entreg\u00f3 el \u00abSello Verde\u00bb a la Legislatura. El acto se desarroll\u00f3 en el Hall de Honor de la planta principal, con la participaci\u00f3n del vicepresidente 1\u00b0, Emmanuel Ferrario; la secretaria administrativa, Florencia Romano; el director general [&hellip;]<\/p>\n","protected":false},"author":2,"featured_media":39140,"comment_status":"open","ping_status":"open","sticky":false,"template":"","format":"standard","meta":{"_et_pb_use_builder":"","_et_pb_old_content":"","_et_gb_content_width":"","footnotes":""},"categories":[11,33],"tags":[],"class_list":["post-39139","post","type-post","status-publish","format-standard","has-post-thumbnail","hentry","category-ciudad","category-sociedad-y-cultura-2"],"_links":{"self":[{"href":"https:\/\/vocesdebaires.com.ar\/index.php\/wp-json\/wp\/v2\/posts\/39139"}],"collection":[{"href":"https:\/\/vocesdebaires.com.ar\/index.php\/wp-json\/wp\/v2\/posts"}],"about":[{"href":"https:\/\/vocesdebaires.com.ar\/index.php\/wp-json\/wp\/v2\/types\/post"}],"author":[{"embeddable":true,"href":"https:\/\/vocesdebaires.com.ar\/index.php\/wp-json\/wp\/v2\/users\/2"}],"replies":[{"embeddable":true,"href":"https:\/\/vocesdebaires.com.ar\/index.php\/wp-json\/wp\/v2\/comments?post=39139"}],"version-history":[{"count":1,"href":"https:\/\/vocesdebaires.com.ar\/index.php\/wp-json\/wp\/v2\/posts\/39139\/revisions"}],"predecessor-version":[{"id":39141,"href":"https:\/\/vocesdebaires.com.ar\/index.php\/wp-json\/wp\/v2\/posts\/39139\/revisions\/39141"}],"wp:featuredmedia":[{"embeddable":true,"href":"https:\/\/vocesdebaires.com.ar\/index.php\/wp-json\/wp\/v2\/media\/39140"}],"wp:attachment":[{"href":"https:\/\/vocesdebaires.com.ar\/index.php\/wp-json\/wp\/v2\/media?parent=39139"}],"wp:term":[{"taxonomy":"category","embeddable":true,"href":"https:\/\/vocesdebaires.com.ar\/index.php\/wp-json\/wp\/v2\/categories?post=39139"},{"taxonomy":"post_tag","embeddable":true,"href":"https:\/\/vocesdebaires.com.ar\/index.php\/wp-json\/wp\/v2\/tags?post=39139"}],"curies":[{"name":"wp","href":"https:\/\/api.w.org\/{rel}","templated":true}]}}