{"id":39147,"date":"2022-07-04T00:00:46","date_gmt":"2022-07-04T03:00:46","guid":{"rendered":"https:\/\/vocesdebaires.com.ar\/?p=39147"},"modified":"2022-07-03T19:39:30","modified_gmt":"2022-07-03T22:39:30","slug":"ciudad-de-buenos-airescultura-ciclo-de-musica-2022pena-portena","status":"publish","type":"post","link":"https:\/\/vocesdebaires.com.ar\/index.php\/2022\/07\/04\/ciudad-de-buenos-airescultura-ciclo-de-musica-2022pena-portena\/","title":{"rendered":"Ciudad de buenos aires:Cultura Ciclo de m\u00fasica 2022,Pe\u00f1a Porte\u00f1a"},"content":{"rendered":"<p>El pr\u00f3ximo\u00a0 viernes 8 de julio a partir de las 18 horas en el Sal\u00f3n Montevideo del palacio Legislativo, Per\u00fa 160, se ofrecer\u00e1 una clase de danza y un concierto. Aprendiendo folclore con alegr\u00eda. El encuentro inicia con una clase de danza abierta al p\u00fablico a cargo de Mirta Godoy acompa\u00f1ada por Hugo Figueroa. Folclore con gotitas de tango. Para finalizar, Mirta Godoy brindar\u00e1 un concierto. Organizada por la Direcci\u00f3n General de Asuntos Culturales y Patrimoniales de la Legislatura y en el marco de una nueva fecha del Ciclo de M\u00fasica 2022 Pe\u00f1a Porte\u00f1a, la actividad ser\u00e1 con entrada libre y gratuita con aforo limitado, cubierto por orden de llegada.<\/p>\n<p>Mirta Godoy cantante de tango y folclore comenz\u00f3 su carrera hace 18 a\u00f1os llevando su arte a varias provincias de nuestro pa\u00eds y tambi\u00e9n a Latinoam\u00e9rica. Por 4 a\u00f1os fue la directora del Patio de Tango en Medell\u00edn Colombia. Autodidacta en la danza de tango y folclore. Su licenciatura en Psicopedagog\u00eda y su excelente did\u00e1ctica hacen que ense\u00f1e danzas de la forma m\u00e1s simple y comprensible para las personas. Junto a su pareja Hugo Figueroa, bailar\u00edn profesional de tango y folclore (ballet de Los Santos Amores), realizan una clase amena para que todos disfruten el aprender a bailar.<\/p>\n","protected":false},"excerpt":{"rendered":"<p>El pr\u00f3ximo\u00a0 viernes 8 de julio a partir de las 18 horas en el Sal\u00f3n Montevideo del palacio Legislativo, Per\u00fa 160, se ofrecer\u00e1 una clase de danza y un concierto. Aprendiendo folclore con alegr\u00eda. El encuentro inicia con una clase de danza abierta al p\u00fablico a cargo de Mirta Godoy acompa\u00f1ada por Hugo Figueroa. Folclore [&hellip;]<\/p>\n","protected":false},"author":2,"featured_media":39148,"comment_status":"open","ping_status":"open","sticky":false,"template":"","format":"standard","meta":{"_et_pb_use_builder":"","_et_pb_old_content":"","_et_gb_content_width":"","footnotes":""},"categories":[11,33],"tags":[],"class_list":["post-39147","post","type-post","status-publish","format-standard","has-post-thumbnail","hentry","category-ciudad","category-sociedad-y-cultura-2"],"_links":{"self":[{"href":"https:\/\/vocesdebaires.com.ar\/index.php\/wp-json\/wp\/v2\/posts\/39147"}],"collection":[{"href":"https:\/\/vocesdebaires.com.ar\/index.php\/wp-json\/wp\/v2\/posts"}],"about":[{"href":"https:\/\/vocesdebaires.com.ar\/index.php\/wp-json\/wp\/v2\/types\/post"}],"author":[{"embeddable":true,"href":"https:\/\/vocesdebaires.com.ar\/index.php\/wp-json\/wp\/v2\/users\/2"}],"replies":[{"embeddable":true,"href":"https:\/\/vocesdebaires.com.ar\/index.php\/wp-json\/wp\/v2\/comments?post=39147"}],"version-history":[{"count":1,"href":"https:\/\/vocesdebaires.com.ar\/index.php\/wp-json\/wp\/v2\/posts\/39147\/revisions"}],"predecessor-version":[{"id":39149,"href":"https:\/\/vocesdebaires.com.ar\/index.php\/wp-json\/wp\/v2\/posts\/39147\/revisions\/39149"}],"wp:featuredmedia":[{"embeddable":true,"href":"https:\/\/vocesdebaires.com.ar\/index.php\/wp-json\/wp\/v2\/media\/39148"}],"wp:attachment":[{"href":"https:\/\/vocesdebaires.com.ar\/index.php\/wp-json\/wp\/v2\/media?parent=39147"}],"wp:term":[{"taxonomy":"category","embeddable":true,"href":"https:\/\/vocesdebaires.com.ar\/index.php\/wp-json\/wp\/v2\/categories?post=39147"},{"taxonomy":"post_tag","embeddable":true,"href":"https:\/\/vocesdebaires.com.ar\/index.php\/wp-json\/wp\/v2\/tags?post=39147"}],"curies":[{"name":"wp","href":"https:\/\/api.w.org\/{rel}","templated":true}]}}