{"id":39150,"date":"2022-07-04T00:00:14","date_gmt":"2022-07-04T03:00:14","guid":{"rendered":"https:\/\/vocesdebaires.com.ar\/?p=39150"},"modified":"2022-07-03T19:38:15","modified_gmt":"2022-07-03T22:38:15","slug":"primer-encuentrola-iniciativa-propone-mas-cercania-y-cooperacion-a-los-vecinos","status":"publish","type":"post","link":"https:\/\/vocesdebaires.com.ar\/index.php\/2022\/07\/04\/primer-encuentrola-iniciativa-propone-mas-cercania-y-cooperacion-a-los-vecinos\/","title":{"rendered":"Primer encuentro:La iniciativa propone m\u00e1s cooperaci\u00f3n a los vecinos"},"content":{"rendered":"<p>Legislatura de la Ciudad Aut\u00f3noma de Buenos Aires realiz\u00f3 el pasado viernes por la tarde en formato virtual la primera instancia de IDEAT\u00d3N, la iniciativa que promueve la participaci\u00f3n ciudadana y el refuerzo de la democracia.Con el lema \u201cIDEAT\u00d3N construyendo una Legislatura activa\u201d participaron de la charla la legisladora Natalia Fidel (VJ), la secretaria administrativa Florencia Romano \u2013que tambi\u00e9n ofici\u00f3 de moderadora-, el polit\u00f3logo Augusto Salvatto, y la consultora Celeste Box. Adem\u00e1s, distintos vecinos pudieron ver el debate a trav\u00e9s de la cuenta oficial en Youtube.<\/p>\n<p>\u201cEs una alegr\u00eda estar con ustedes. Nuestro objetivo es darle protagonismo a los vecinos de la ciudad dentro de la Legislatura. Queremos generar una Legislatura m\u00e1s cercana con la ciudadan\u00eda, que sea m\u00e1s \u00e1gil y m\u00e1s abierta\u201d, enfatiz\u00f3 Romano en la apertura. Y abog\u00f3 por alimentar m\u00e1s la participaci\u00f3n ciudadana. Luego, Box se explay\u00f3 sobre el t\u00f3pico \u201cser parte de la Legislatura de la Ciudad Aut\u00f3noma de Buenos Aires y estrategias de participaci\u00f3n intensivas en evidencias\u201d. \u201cNecesitamos una legislaci\u00f3n pertinente y situada con los problemas de la ciudadan\u00eda. Se puede lograr\u201d, resalt\u00f3 la profesora e investigadora de la carrera de Ciencia Pol\u00edtica de la UBA.<\/p>\n<p>Por su parte, Salvatto reflexion\u00f3 sobre el \u201cFuturo de la representaci\u00f3n\u201d y la relaci\u00f3n entre la tecnolog\u00eda y la representaci\u00f3n pol\u00edtica. Recomend\u00f3 \u201cpensar fuera de la caja\u201d y a la vez, sugiri\u00f3 que: \u201cla tecnolog\u00eda puede ser una herramienta para achicar la brecha de la crisis de representaci\u00f3n. La clave est\u00e1 en hacernos las preguntas correctas\u201d. Adelant\u00f3 que los parlamentos del futuro deber\u00e1n acercar los representantes a la sociedad, transparentar el proceso legislativo e innovar en la toma de decisiones. Por \u00faltimo, la diputada Fidel habl\u00f3 sobre \u201cc\u00f3mo traducimos los principios de colaboraci\u00f3n, innovaci\u00f3n y participaci\u00f3n ciudadana en propuestas legislativas\u201d.<\/p>\n<p>En su exposici\u00f3n aludi\u00f3 a la estructura del concepto de Gobierno Abierto e inform\u00f3 sobre los proyectos presentados en relaci\u00f3n a la tem\u00e1tica, como la Oficina de Atenci\u00f3n Ciudadana, Despacho Abierto y Plataforma Colaborativa, entre otros \u00edtems. Y finalmente propuso iniciativas de cara al futuro, como una oficina de presupuesto y una Ley Macro de Gobierno Abierto. \u201chay que pensar en una parte m\u00e1s operativa. Tenemos que generar una autoridad de aplicaci\u00f3n que haga que los principios se implementen\u201d. IDEAT\u00d3N es una iniciativa que propone una Legislatura m\u00e1s cercana a la ciudadan\u00eda, que promueve su fortalecimiento institucional y la consolidaci\u00f3n de los mecanismos de apertura, participaci\u00f3n y colaboraci\u00f3n con actores estrat\u00e9gicos. El pr\u00f3ximo encuentro ser\u00e1 en formato presencial el 8 de julio venidero, a las 10 horas.<\/p>\n","protected":false},"excerpt":{"rendered":"<p>Legislatura de la Ciudad Aut\u00f3noma de Buenos Aires realiz\u00f3 el pasado viernes por la tarde en formato virtual la primera instancia de IDEAT\u00d3N, la iniciativa que promueve la participaci\u00f3n ciudadana y el refuerzo de la democracia.Con el lema \u201cIDEAT\u00d3N construyendo una Legislatura activa\u201d participaron de la charla la legisladora Natalia Fidel (VJ), la secretaria administrativa [&hellip;]<\/p>\n","protected":false},"author":2,"featured_media":39151,"comment_status":"open","ping_status":"open","sticky":false,"template":"","format":"standard","meta":{"_et_pb_use_builder":"","_et_pb_old_content":"","_et_gb_content_width":"","footnotes":""},"categories":[11,33],"tags":[],"class_list":["post-39150","post","type-post","status-publish","format-standard","has-post-thumbnail","hentry","category-ciudad","category-sociedad-y-cultura-2"],"_links":{"self":[{"href":"https:\/\/vocesdebaires.com.ar\/index.php\/wp-json\/wp\/v2\/posts\/39150"}],"collection":[{"href":"https:\/\/vocesdebaires.com.ar\/index.php\/wp-json\/wp\/v2\/posts"}],"about":[{"href":"https:\/\/vocesdebaires.com.ar\/index.php\/wp-json\/wp\/v2\/types\/post"}],"author":[{"embeddable":true,"href":"https:\/\/vocesdebaires.com.ar\/index.php\/wp-json\/wp\/v2\/users\/2"}],"replies":[{"embeddable":true,"href":"https:\/\/vocesdebaires.com.ar\/index.php\/wp-json\/wp\/v2\/comments?post=39150"}],"version-history":[{"count":2,"href":"https:\/\/vocesdebaires.com.ar\/index.php\/wp-json\/wp\/v2\/posts\/39150\/revisions"}],"predecessor-version":[{"id":39153,"href":"https:\/\/vocesdebaires.com.ar\/index.php\/wp-json\/wp\/v2\/posts\/39150\/revisions\/39153"}],"wp:featuredmedia":[{"embeddable":true,"href":"https:\/\/vocesdebaires.com.ar\/index.php\/wp-json\/wp\/v2\/media\/39151"}],"wp:attachment":[{"href":"https:\/\/vocesdebaires.com.ar\/index.php\/wp-json\/wp\/v2\/media?parent=39150"}],"wp:term":[{"taxonomy":"category","embeddable":true,"href":"https:\/\/vocesdebaires.com.ar\/index.php\/wp-json\/wp\/v2\/categories?post=39150"},{"taxonomy":"post_tag","embeddable":true,"href":"https:\/\/vocesdebaires.com.ar\/index.php\/wp-json\/wp\/v2\/tags?post=39150"}],"curies":[{"name":"wp","href":"https:\/\/api.w.org\/{rel}","templated":true}]}}