{"id":39172,"date":"2022-07-05T00:36:51","date_gmt":"2022-07-05T03:36:51","guid":{"rendered":"https:\/\/vocesdebaires.com.ar\/?p=39172"},"modified":"2022-07-05T00:36:51","modified_gmt":"2022-07-05T03:36:51","slug":"amia-se-suma-a-la-campana-de-recoleccion-de-medicamentos","status":"publish","type":"post","link":"https:\/\/vocesdebaires.com.ar\/index.php\/2022\/07\/05\/amia-se-suma-a-la-campana-de-recoleccion-de-medicamentos\/","title":{"rendered":"AMIA se suma a la campa\u00f1a de recolecci\u00f3n de medicamentos"},"content":{"rendered":"<p>Desde ayer\u00a0 lunes 4 al domingo 10 de julio, AMIA se suma a la 16\u00aa Campa\u00f1a Nacional de Recaudaci\u00f3n de Medicamentos que todos los a\u00f1os impulsa la Fundaci\u00f3n Tzedak\u00e1. Las donaciones, que se acerquen a la sede de Uriburu 650, de lunes a jueves de 9 a 17, y el viernes de 9 a 16, formar\u00e1n parte del Banco Comunitario de Medicamentos, un programa de distribuci\u00f3n gratuita de medicamentos para personas en situaci\u00f3n de vulnerabilidad creado por Tzedak\u00e1. Desde la organizaci\u00f3n informaron que los medicamentos que se reciben deber\u00e1n tener una fecha de vencimiento mayor a seis meses, blisters completos, envases sin abrir y que no requieran refrigeraci\u00f3n. Para consultas o conocer los lugares m\u00e1s cercanos para llevar la donaci\u00f3n, las personas interesadas puede escribir a salud@tzedaka.org.ar. Tambi\u00e9n se puede ingresar al sitio web\u00a0 \u00a0 \u00a0www.tzedaka.org.ar<\/p>\n","protected":false},"excerpt":{"rendered":"<p>Desde ayer\u00a0 lunes 4 al domingo 10 de julio, AMIA se suma a la 16\u00aa Campa\u00f1a Nacional de Recaudaci\u00f3n de Medicamentos que todos los a\u00f1os impulsa la Fundaci\u00f3n Tzedak\u00e1. Las donaciones, que se acerquen a la sede de Uriburu 650, de lunes a jueves de 9 a 17, y el viernes de 9 a 16, [&hellip;]<\/p>\n","protected":false},"author":2,"featured_media":39173,"comment_status":"open","ping_status":"open","sticky":false,"template":"","format":"standard","meta":{"_et_pb_use_builder":"","_et_pb_old_content":"","_et_gb_content_width":"","footnotes":""},"categories":[11,33],"tags":[],"class_list":["post-39172","post","type-post","status-publish","format-standard","has-post-thumbnail","hentry","category-ciudad","category-sociedad-y-cultura-2"],"_links":{"self":[{"href":"https:\/\/vocesdebaires.com.ar\/index.php\/wp-json\/wp\/v2\/posts\/39172"}],"collection":[{"href":"https:\/\/vocesdebaires.com.ar\/index.php\/wp-json\/wp\/v2\/posts"}],"about":[{"href":"https:\/\/vocesdebaires.com.ar\/index.php\/wp-json\/wp\/v2\/types\/post"}],"author":[{"embeddable":true,"href":"https:\/\/vocesdebaires.com.ar\/index.php\/wp-json\/wp\/v2\/users\/2"}],"replies":[{"embeddable":true,"href":"https:\/\/vocesdebaires.com.ar\/index.php\/wp-json\/wp\/v2\/comments?post=39172"}],"version-history":[{"count":1,"href":"https:\/\/vocesdebaires.com.ar\/index.php\/wp-json\/wp\/v2\/posts\/39172\/revisions"}],"predecessor-version":[{"id":39174,"href":"https:\/\/vocesdebaires.com.ar\/index.php\/wp-json\/wp\/v2\/posts\/39172\/revisions\/39174"}],"wp:featuredmedia":[{"embeddable":true,"href":"https:\/\/vocesdebaires.com.ar\/index.php\/wp-json\/wp\/v2\/media\/39173"}],"wp:attachment":[{"href":"https:\/\/vocesdebaires.com.ar\/index.php\/wp-json\/wp\/v2\/media?parent=39172"}],"wp:term":[{"taxonomy":"category","embeddable":true,"href":"https:\/\/vocesdebaires.com.ar\/index.php\/wp-json\/wp\/v2\/categories?post=39172"},{"taxonomy":"post_tag","embeddable":true,"href":"https:\/\/vocesdebaires.com.ar\/index.php\/wp-json\/wp\/v2\/tags?post=39172"}],"curies":[{"name":"wp","href":"https:\/\/api.w.org\/{rel}","templated":true}]}}