{"id":39184,"date":"2022-07-06T00:47:41","date_gmt":"2022-07-06T03:47:41","guid":{"rendered":"https:\/\/vocesdebaires.com.ar\/?p=39184"},"modified":"2022-07-06T00:47:41","modified_gmt":"2022-07-06T03:47:41","slug":"feria-del-libro-infantil-y-juvenil-esperando-las-vacaciones-de-invierno","status":"publish","type":"post","link":"https:\/\/vocesdebaires.com.ar\/index.php\/2022\/07\/06\/feria-del-libro-infantil-y-juvenil-esperando-las-vacaciones-de-invierno\/","title":{"rendered":"Feria del Libro Infantil y Juvenil esperando las vacaciones de invierno"},"content":{"rendered":"<p>Luego del gran \u00e9xito de la Feria Internacional del Libro de Buenos Aires, con gran alegr\u00eda anunciamos que del 11 al 31 de julio en el Centro Cultural Kirchner se llevar\u00e1 a cabo la edici\u00f3n n\u00famero 30 de la Feria Infantil y Juvenil. Tendr\u00e1 entrada libre y gratuita, contar\u00e1 con casi sesenta stands y una nutrida programaci\u00f3n que se realizar\u00e1 en el marco de \u201cVacaciones para armar\u201d del Kirchner. La Feria del Libro Infantil y Juvenil es organizada por la Fundaci\u00f3n El Libro como un aporte para la formaci\u00f3n cultural y educativa de ni\u00f1os y j\u00f3venes, incentivando su relaci\u00f3n temprana con los libros en un ambiente de alegr\u00eda y entretenimiento.Lugar Se llevar\u00e1 a cabo en el Centro Cultural Kirchner, Sarmiento 151, Ciudad de Buenos Aires.<\/p>\n<p><strong>Programaci\u00f3n:<\/strong><br \/>\nEn el marco de las propuestas de \u00abVacaciones para armar\u00bb del Centro Cultural Kirchner, la Feria brindar\u00e1 un diverso y nutrido programa para que los chicos se conecten con el incre\u00edble mundo de la literatura. Dentro de las propuestas se destacan las narraciones, el firm\u00f3dromo, talleres y la presentaci\u00f3n de Canticu\u00e9nticos el lunes 25 de julio a las 18h (con reserva de entradas en la p\u00e1gina del Centro Cultural Kirchner). Adem\u00e1s el viernes 22 de julio a las 18:30 h se entregar\u00e1n los Premios Pregonero, el reconocimiento m\u00e1s importante a los difusores de la literatura infantil y juvenil<\/p>\n<p><strong>Visitas escolares:<\/strong><br \/>\nDel 11 al 15 de julio, en los d\u00edas previos a las vacaciones de invierno, la Feria reciba al p\u00fablico general y especialmente a alumnos y docentes. La reserva de la visita todav\u00eda se puede realizar en este link:https:\/\/www.el-libro.org.ar\/feria-infanti-y-juvenil\/reserva-de-visitas-escolares\/<\/p>\n<p><strong>Jornadas para docentes y mediadores de lectura<\/strong><br \/>\nLos d\u00edas 21 y 22 de julio se desarrollar\u00e1n las Jornadas de Capacitaci\u00f3n de la Feria del Libro Infantil y Juvenil. La inauguraci\u00f3n estar\u00e1 a cargo de la prestigiosa escritora y especialista<br \/>\nMar\u00eda Cristina Ramos. La inscripci\u00f3n es arancelada. M\u00e1s informaci\u00f3n aqu\u00ed:https:\/\/www.el-libro.org.ar\/feria-infanti-y-juvenil\/jornadas-para-docentes-y-mediadores-de-lectura\/<\/p>\n<p><strong>Fecha y horarios<\/strong><br \/>\n<strong>Se realizar\u00e1 del 11 al 31 de julio en los siguientes horarios:<\/strong><br \/>\n11 y 12 de julio de 9 a 18h.<br \/>\n13, 14 y 15 de julio de 9 a 20h.<br \/>\nDel 16 al 31 de julio de 14 a 20h<br \/>\nM\u00e1s informaci\u00f3n www.el-libro.org.ar<br \/>\nLa entrada es libre y gratuita.<\/p>\n","protected":false},"excerpt":{"rendered":"<p>Luego del gran \u00e9xito de la Feria Internacional del Libro de Buenos Aires, con gran alegr\u00eda anunciamos que del 11 al 31 de julio en el Centro Cultural Kirchner se llevar\u00e1 a cabo la edici\u00f3n n\u00famero 30 de la Feria Infantil y Juvenil. Tendr\u00e1 entrada libre y gratuita, contar\u00e1 con casi sesenta stands y una [&hellip;]<\/p>\n","protected":false},"author":2,"featured_media":39185,"comment_status":"open","ping_status":"open","sticky":false,"template":"","format":"standard","meta":{"_et_pb_use_builder":"","_et_pb_old_content":"","_et_gb_content_width":"","footnotes":""},"categories":[11,33],"tags":[],"class_list":["post-39184","post","type-post","status-publish","format-standard","has-post-thumbnail","hentry","category-ciudad","category-sociedad-y-cultura-2"],"_links":{"self":[{"href":"https:\/\/vocesdebaires.com.ar\/index.php\/wp-json\/wp\/v2\/posts\/39184"}],"collection":[{"href":"https:\/\/vocesdebaires.com.ar\/index.php\/wp-json\/wp\/v2\/posts"}],"about":[{"href":"https:\/\/vocesdebaires.com.ar\/index.php\/wp-json\/wp\/v2\/types\/post"}],"author":[{"embeddable":true,"href":"https:\/\/vocesdebaires.com.ar\/index.php\/wp-json\/wp\/v2\/users\/2"}],"replies":[{"embeddable":true,"href":"https:\/\/vocesdebaires.com.ar\/index.php\/wp-json\/wp\/v2\/comments?post=39184"}],"version-history":[{"count":1,"href":"https:\/\/vocesdebaires.com.ar\/index.php\/wp-json\/wp\/v2\/posts\/39184\/revisions"}],"predecessor-version":[{"id":39186,"href":"https:\/\/vocesdebaires.com.ar\/index.php\/wp-json\/wp\/v2\/posts\/39184\/revisions\/39186"}],"wp:featuredmedia":[{"embeddable":true,"href":"https:\/\/vocesdebaires.com.ar\/index.php\/wp-json\/wp\/v2\/media\/39185"}],"wp:attachment":[{"href":"https:\/\/vocesdebaires.com.ar\/index.php\/wp-json\/wp\/v2\/media?parent=39184"}],"wp:term":[{"taxonomy":"category","embeddable":true,"href":"https:\/\/vocesdebaires.com.ar\/index.php\/wp-json\/wp\/v2\/categories?post=39184"},{"taxonomy":"post_tag","embeddable":true,"href":"https:\/\/vocesdebaires.com.ar\/index.php\/wp-json\/wp\/v2\/tags?post=39184"}],"curies":[{"name":"wp","href":"https:\/\/api.w.org\/{rel}","templated":true}]}}