{"id":39190,"date":"2022-07-06T01:03:08","date_gmt":"2022-07-06T04:03:08","guid":{"rendered":"https:\/\/vocesdebaires.com.ar\/?p=39190"},"modified":"2022-07-06T01:03:08","modified_gmt":"2022-07-06T04:03:08","slug":"amia-28-anosy-23-familias-de-musicos-cantan-por-la-memoria","status":"publish","type":"post","link":"https:\/\/vocesdebaires.com.ar\/index.php\/2022\/07\/06\/amia-28-anosy-23-familias-de-musicos-cantan-por-la-memoria\/","title":{"rendered":"AMIA 28 a\u00f1os:Y 23 familias de m\u00fasicos cantan por la memoria"},"content":{"rendered":"<p>A pocos d\u00edas de conmemorarse un nuevo aniversario del atentado terrorista contra la sede de Pasteur 633, AMIA presenta \u201cDe generaci\u00f3n en generaci\u00f3n\u201d, un nuevo proyecto art\u00edstico que reuni\u00f3, por primera vez, a 23 familias constituidas por reconocidos artistas de nuestro pa\u00eds para interpretar \u201cNo tiene olvido el amor\u201d, la canci\u00f3n que V\u00edctor Heredia compuso especialmente, a pedido de la instituci\u00f3n, para rendir homenaje a las 85 v\u00edctimas fatales de la masacre, y transmitir el compromiso por la justicia y la memoria a las nuevas generaciones.<\/p>\n<p>De manera coral, las familias de artistas que participaron del original proyecto creado y producido por AMIA, pusieron su talento al servicio de un mensaje esencial: la memoria seguir\u00e1 viva solo si contamos aquello que pas\u00f3 a quienes, por su edad, no tienen recuerdos, o nacieron despu\u00e9s de que sucedieran los distintos hechos que nos marcaron como sociedad, y que conforman nuestra identidad colectiva. La producci\u00f3n audiovisual, que hoy se difundi\u00f3 a trav\u00e9s de las redes sociales de AMIA, recurre a la m\u00fasica como poderoso canal de expresi\u00f3n y herramienta para construir y traspasar legados, especialmente sobre aquellas causas impunes que como sociedad no debemos olvidar.<\/p>\n<p>\u00bfC\u00f3mo se transmite la memoria de generaci\u00f3n en generaci\u00f3n? \u201cLa pregunta, que lleva impl\u00edcita la necesidad y los esfuerzos para luchar contra el olvido, fue central para crear esta iniciativa que procura tender puentes con quienes no tienen memoria vivencial del ataque perpetrado el 18 de julio de 1994, y ayudar a cimentar la memoria colectiva, a partir de la transmisi\u00f3n compartida entre padres, madres, hijos e hijas de distintas generaciones\u201d, destac\u00f3 Elio Kapszuk, director de Arte y Producci\u00f3n de AMIA y responsable de esta acci\u00f3n. Para interpretar la canci\u00f3n \u201cNo tiene olvido el amor\u201d, la instituci\u00f3n convoc\u00f3 a 51 artistas, unidos no solo por los lazos de sangre y la pasi\u00f3n por la m\u00fasica, sino tambi\u00e9n por el compromiso con la transmisi\u00f3n de la memoria.<\/p>\n<p><strong>Ellos son:<\/strong> V\u00edctor, Laura y Daniela Heredia; Teresa y Luciana Parodi; Alejandro Daniel Melingo y F\u00e9lix Melingo Torre; Susana Rinaldi, Alfredo y Ligia Piro; Le\u00f3n y Joana Gieco; Liliana Vitale y Juan Belvis; C\u00e9sar y Dylan Lerner; Jairo y Yaco Gonz\u00e1lez; Adri\u00e1n y Ruido Barilari; Marcelo \u201cCorvata\u201d y Juana Corval\u00e1n; Lito y Jano Vitale; Julia Zenko, Laura Gonz\u00e1lez y Elis Garc\u00eda; Javier y Romeo Calamaro; Hilda Lizarazu y M\u00eda Folino; Gladys \u201cLa bomba tucumana\u201d y Tyago Griffo; JAF y Virginia Ferreyra; Peteco y Homero Carabajal; Sandra, Vane y Sol Mihanovich; Leo y Luna Sujatovich; Ver\u00f3nica Condom\u00ed y Emme; Juan Carlos, Joaqu\u00edn y Ferm\u00edn Baglietto; Paz Mart\u00ednez y Mariano Paz y Ricardo y Vicky Soul\u00e9. \u201cEsta iniciativa art\u00edstica que uni\u00f3 a padres y madres, hijos e hijas de diferentes generaciones \u2013muchos de los cuales cantaron juntos por primera vez en una presentaci\u00f3n p\u00fablica\u2013 es una acci\u00f3n que nos permite sembrar semillas para que la memoria colectiva siga creciendo. Tambi\u00e9n deja un poderoso mensaje porque el recuerdo y el reclamo de justicia siempre estar\u00e1 si la transmisi\u00f3n persiste de generaci\u00f3n en generaci\u00f3n\u201d, resalt\u00f3 Kapszuk.<\/p>\n<p>\u201cToma mi mano con fuerza, acomp\u00e1\u00f1ame a mirar \/ Que aunque mil veces la rompan, s\u00f3lo existe una verdad.\u201d La poes\u00eda de V\u00edctor Heredia, plasmada en cada verso de la canci\u00f3n que escribi\u00f3 especialmente para AMIA, deja de manifiesto que la construcci\u00f3n de la memoria debe ser un hecho activo y compartido. A continuaci\u00f3n, la letra de la canci\u00f3n que rinde homenaje a las 85 personas asesinadas en el atentado terrorista contra la sede de Pasteur 633. \u201cOchenta y cinco silencios resuenan en mi canci\u00f3n\/ Estrellas que no se apagan, que no dejan de alumbrar.\u201d<\/p>\n<p><strong>No tiene olvido el amor<\/strong><\/p>\n<p>No tiene olvido el amor cuando construye esperanza.<br \/>\nAs\u00ed es como la memoria funda una estrella sin par.<br \/>\nPero tambi\u00e9n el dolor deja escurrir su nostalgia.<br \/>\nEn ese espejo del tiempo se mira la humanidad.<br \/>\nEn ese espejo del tiempo se mira la humanidad.<br \/>\nToma mi mano con fuerza, acomp\u00e1\u00f1ame a mirar<br \/>\nQue aunque mil veces la rompan, s\u00f3lo existe una verdad.<br \/>\nOchenta y cinco silencios resuenan en mi canci\u00f3n<br \/>\nEstrellas que no se apagan, que no dejan de alumbrar.<br \/>\nEstrellas que no se apagan, que no dejan de alumbrar.<br \/>\nS\u00e9 que mi abuelo so\u00f1\u00f3 porque me cont\u00f3 mi padre,<br \/>\nAs\u00ed so\u00f1ar\u00e1 alg\u00fan d\u00eda mi propia sangre al volar.<br \/>\nNuestros hijos crecer\u00e1n al amparo de esa historia.<br \/>\nEn este espejo del tiempo se mira la humanidad.<br \/>\nEn ese espejo del tiempo se mira la humanidad.<br \/>\nToma mi mano con fuerza, acomp\u00e1\u00f1ame a mirar<br \/>\nQue aunque mil veces la rompan, solo existe una verdad.<br \/>\nOchenta y cinco silencios resuenan en mi canci\u00f3n<br \/>\nEstrellas que no se apagan, que no dejan de alumbrar.<br \/>\nEstrellas que no se apagan, que no dejan de alumbrar.<br \/>\nNo tiene olvido el dolor cuando hieren la esperanza<br \/>\nPor eso los que a\u00f1oramos nos invitan a so\u00f1ar<br \/>\nQue un d\u00eda ser\u00e1 el amor el que incline la balanza.<br \/>\nEn ese espejo del tiempo se mira la humanidad.<br \/>\nEn ese espejo del tiempo se mira la humanidad.<br \/>\nToma mi mano con fuerza, acomp\u00e1\u00f1ame a mirar<br \/>\nQue aunque mil veces la rompan, s\u00f3lo existe una verdad.<br \/>\nOchenta y cinco silencios resuenan en mi canci\u00f3n<br \/>\nEstrellas que no se apagan, que no dejan de alumbrar.<br \/>\nEstrellas que no se apagan, que no dejan de alumbrar.<br \/>\nPor eso cantamos hoy para que nadie se olvide<br \/>\nQue estamos hechos de historias que muchos quieren borrar<br \/>\nLa justicia es una flor que tarda en crecer a veces.<br \/>\nPero el d\u00eda que florece marchita a la impunidad.<br \/>\nPero el d\u00eda que florece marchita a la impunidad.<br \/>\nToma mi mano con fuerza, acomp\u00e1\u00f1ame a mirar<br \/>\nQue aunque mil veces la rompan, s\u00f3lo existe una verdad.<br \/>\nOchenta y cinco silencios\u2026 resuenan en mi canci\u00f3n<br \/>\nEstrellas que no se apagan, que no dejan de alumbrar.<br \/>\nEstrellas que no se apagan, que no dejan de alumbrar.<br \/>\nEstrellas que no se apagan, que no dejan de alumbrar.<br \/>\nEstrellas que no se apagan, que no dejan de alumbrar.<\/p>\n<p><strong>Cr\u00e9ditos<\/strong><br \/>\n<strong>Idea y producci\u00f3n general: Departamento de Arte y Producci\u00f3n de AMIA<\/strong><br \/>\n<strong>Letra y m\u00fasica: V\u00edctor Heredia<\/strong><br \/>\n<strong>Direcci\u00f3n musical: Lito Vitale<\/strong><br \/>\n<strong>Producci\u00f3n ejecutiva: Virginia Taranto<\/strong><br \/>\n<strong>Realizaci\u00f3n: Juan Belvis, Luciano Vitale y Agust\u00edn Intile<\/strong><br \/>\n<strong>Foto fija: Cleo Bouza<\/strong><\/p>\n","protected":false},"excerpt":{"rendered":"<p>A pocos d\u00edas de conmemorarse un nuevo aniversario del atentado terrorista contra la sede de Pasteur 633, AMIA presenta \u201cDe generaci\u00f3n en generaci\u00f3n\u201d, un nuevo proyecto art\u00edstico que reuni\u00f3, por primera vez, a 23 familias constituidas por reconocidos artistas de nuestro pa\u00eds para interpretar \u201cNo tiene olvido el amor\u201d, la canci\u00f3n que V\u00edctor Heredia compuso [&hellip;]<\/p>\n","protected":false},"author":2,"featured_media":39191,"comment_status":"open","ping_status":"open","sticky":false,"template":"","format":"standard","meta":{"_et_pb_use_builder":"","_et_pb_old_content":"","_et_gb_content_width":"","footnotes":""},"categories":[11,33],"tags":[],"class_list":["post-39190","post","type-post","status-publish","format-standard","has-post-thumbnail","hentry","category-ciudad","category-sociedad-y-cultura-2"],"_links":{"self":[{"href":"https:\/\/vocesdebaires.com.ar\/index.php\/wp-json\/wp\/v2\/posts\/39190"}],"collection":[{"href":"https:\/\/vocesdebaires.com.ar\/index.php\/wp-json\/wp\/v2\/posts"}],"about":[{"href":"https:\/\/vocesdebaires.com.ar\/index.php\/wp-json\/wp\/v2\/types\/post"}],"author":[{"embeddable":true,"href":"https:\/\/vocesdebaires.com.ar\/index.php\/wp-json\/wp\/v2\/users\/2"}],"replies":[{"embeddable":true,"href":"https:\/\/vocesdebaires.com.ar\/index.php\/wp-json\/wp\/v2\/comments?post=39190"}],"version-history":[{"count":1,"href":"https:\/\/vocesdebaires.com.ar\/index.php\/wp-json\/wp\/v2\/posts\/39190\/revisions"}],"predecessor-version":[{"id":39192,"href":"https:\/\/vocesdebaires.com.ar\/index.php\/wp-json\/wp\/v2\/posts\/39190\/revisions\/39192"}],"wp:featuredmedia":[{"embeddable":true,"href":"https:\/\/vocesdebaires.com.ar\/index.php\/wp-json\/wp\/v2\/media\/39191"}],"wp:attachment":[{"href":"https:\/\/vocesdebaires.com.ar\/index.php\/wp-json\/wp\/v2\/media?parent=39190"}],"wp:term":[{"taxonomy":"category","embeddable":true,"href":"https:\/\/vocesdebaires.com.ar\/index.php\/wp-json\/wp\/v2\/categories?post=39190"},{"taxonomy":"post_tag","embeddable":true,"href":"https:\/\/vocesdebaires.com.ar\/index.php\/wp-json\/wp\/v2\/tags?post=39190"}],"curies":[{"name":"wp","href":"https:\/\/api.w.org\/{rel}","templated":true}]}}