{"id":39193,"date":"2022-07-06T01:07:05","date_gmt":"2022-07-06T04:07:05","guid":{"rendered":"https:\/\/vocesdebaires.com.ar\/?p=39193"},"modified":"2022-07-06T01:07:05","modified_gmt":"2022-07-06T04:07:05","slug":"legislaturainauguraron-muestra-plastica-y-distinguieron-a-ester-szwarc","status":"publish","type":"post","link":"https:\/\/vocesdebaires.com.ar\/index.php\/2022\/07\/06\/legislaturainauguraron-muestra-plastica-y-distinguieron-a-ester-szwarc\/","title":{"rendered":"Legislatura:Inauguraron muestra pl\u00e1stica y distinguieron a Ester Szwarc"},"content":{"rendered":"<p>El Palacio Legislativo en el marco de sus vastas actividades culturales estren\u00f3 este martes la muestra art\u00edstica \u201cAbstracci\u00f3n Itinerante\u201d e hizo entrega del diploma de Personalidad Destacada en el \u00e1mbito de la Cultura y los Derechos Humanos a la profesora acad\u00e9mica Ester Szwarc. Durante la tarde, se llev\u00f3 a cabo la ceremonia de apertura de la exhibici\u00f3n pl\u00e1stica realizada por el colectivo de artes visuales \u201cBAJO EL SPOT\u201d. La misma fue declarada de Inter\u00e9s Cultural por iniciativa de la legisladora Mar\u00eda Patricia Vischi (UCR Ev), quien manifest\u00f3: \u201cla cultura es parte de todos nosotros y est\u00e1 muy arraigada al coraz\u00f3n de Buenos Aires \u201c.<\/p>\n<p>Y agreg\u00f3 que la Legislatura es la casa de \u201ctodos los vecinos y vecinas\u201d y es \u201cnuestra responsabilidad visibilizarlos\u201d. Adem\u00e1s se concret\u00f3 la primera entrega de los diplomas \u201cD\u00e9bora P\u00e9rez Volpin a la cultura y la comunicaci\u00f3n\u201d a los artistas pl\u00e1sticos Carlos Tessarolo, Daniel Vidal, Cecilia lede, Teresa Liberati, Marcelo Maira, Cecilia Mortola, Paula Rivero, Sago, Utz, Silvio Fischbein, Patricia Szterenberg, Gerardo Wohlgemuth y Luis Altieri. Con entrada libre y gratuita, la muestra puede visitarse hasta el pr\u00f3ximo 8 de julio, de 9 a 20.<\/p>\n<p><strong>Distinci\u00f3n a Ester Szwarc<\/strong><br \/>\nAdemas, la Legislatura reconoci\u00f3 a la directora acad\u00e9mica del Instituto Cient\u00edfico Jud\u00edo (IWO), Ester Szwarc. El proyecto de declaraci\u00f3n y el acto fue organizado por el legislador por el Partido Socialista, Roy Cortina. \u201cLa Legislatura, a trav\u00e9s de la Comisi\u00f3n de Cultura, tiene el placer de hacer este reconocimiento al aporte cultural y a la memoria de la Ciudad Aut\u00f3noma de Buenos Aires \u201c, coment\u00f3 el legislador quien tambi\u00e9n refiri\u00f3 a la \u201ctit\u00e1nica tarea\u201d que encabez\u00f3 Szwarc junto a 800 j\u00f3venes para recuperar y restaurar gran parte del material del IWO, despu\u00e9s del atentado a la AMIA. Por su parte, Szwarc concluy\u00f3: \u201cCuando los recuerdos personales se enlazan con la memoria colectiva, se transforman en historia a ser preservada y transmitida. Esto es lo que hacemos, recuperar lo que se pretendi\u00f3 destruir. Este legado tiene que ver con la memoria del pasado, la conciencia del presente y la esperanza del futuro\u201d.<\/p>\n","protected":false},"excerpt":{"rendered":"<p>El Palacio Legislativo en el marco de sus vastas actividades culturales estren\u00f3 este martes la muestra art\u00edstica \u201cAbstracci\u00f3n Itinerante\u201d e hizo entrega del diploma de Personalidad Destacada en el \u00e1mbito de la Cultura y los Derechos Humanos a la profesora acad\u00e9mica Ester Szwarc. Durante la tarde, se llev\u00f3 a cabo la ceremonia de apertura de [&hellip;]<\/p>\n","protected":false},"author":2,"featured_media":39194,"comment_status":"open","ping_status":"open","sticky":false,"template":"","format":"standard","meta":{"_et_pb_use_builder":"","_et_pb_old_content":"","_et_gb_content_width":"","footnotes":""},"categories":[11,33],"tags":[],"class_list":["post-39193","post","type-post","status-publish","format-standard","has-post-thumbnail","hentry","category-ciudad","category-sociedad-y-cultura-2"],"_links":{"self":[{"href":"https:\/\/vocesdebaires.com.ar\/index.php\/wp-json\/wp\/v2\/posts\/39193"}],"collection":[{"href":"https:\/\/vocesdebaires.com.ar\/index.php\/wp-json\/wp\/v2\/posts"}],"about":[{"href":"https:\/\/vocesdebaires.com.ar\/index.php\/wp-json\/wp\/v2\/types\/post"}],"author":[{"embeddable":true,"href":"https:\/\/vocesdebaires.com.ar\/index.php\/wp-json\/wp\/v2\/users\/2"}],"replies":[{"embeddable":true,"href":"https:\/\/vocesdebaires.com.ar\/index.php\/wp-json\/wp\/v2\/comments?post=39193"}],"version-history":[{"count":2,"href":"https:\/\/vocesdebaires.com.ar\/index.php\/wp-json\/wp\/v2\/posts\/39193\/revisions"}],"predecessor-version":[{"id":39196,"href":"https:\/\/vocesdebaires.com.ar\/index.php\/wp-json\/wp\/v2\/posts\/39193\/revisions\/39196"}],"wp:featuredmedia":[{"embeddable":true,"href":"https:\/\/vocesdebaires.com.ar\/index.php\/wp-json\/wp\/v2\/media\/39194"}],"wp:attachment":[{"href":"https:\/\/vocesdebaires.com.ar\/index.php\/wp-json\/wp\/v2\/media?parent=39193"}],"wp:term":[{"taxonomy":"category","embeddable":true,"href":"https:\/\/vocesdebaires.com.ar\/index.php\/wp-json\/wp\/v2\/categories?post=39193"},{"taxonomy":"post_tag","embeddable":true,"href":"https:\/\/vocesdebaires.com.ar\/index.php\/wp-json\/wp\/v2\/tags?post=39193"}],"curies":[{"name":"wp","href":"https:\/\/api.w.org\/{rel}","templated":true}]}}