{"id":39197,"date":"2022-07-06T01:13:42","date_gmt":"2022-07-06T04:13:42","guid":{"rendered":"https:\/\/vocesdebaires.com.ar\/?p=39197"},"modified":"2022-07-06T01:13:42","modified_gmt":"2022-07-06T04:13:42","slug":"larreta-recibio-a-lideres-de-comunidades-de-fe-e-instituciones","status":"publish","type":"post","link":"https:\/\/vocesdebaires.com.ar\/index.php\/2022\/07\/06\/larreta-recibio-a-lideres-de-comunidades-de-fe-e-instituciones\/","title":{"rendered":"Larreta recibi\u00f3 a l\u00edderes de comunidades de fe e instituciones"},"content":{"rendered":"<p>El jefe de Gobierno porte\u00f1o, Horacio Rodr\u00edguez Larreta, recibi\u00f3 ayer martes a m\u00e1s de 50 representantes de diferentes comunidades de fe e instituciones de la Ciudad que participaron de la 5ta edici\u00f3n del ya tradicional Almuerzo Interreligioso. El encuentro, que durante los dos \u00faltimos a\u00f1os no pudo realizarse debido a la pandemia por Covid-19, fue realizado en la Casa de Gobierno de la Ciudad. El Jefe de Gobierno reconoci\u00f3 y agradeci\u00f3 la labor de las comunidades de fe durante la pandemia y el trabajo mancomunado con las autoridades, que fue un aporte fundamental en la gesti\u00f3n de la crisis sanitaria.<\/p>\n<p>\u201cEn un momento de tanta incertidumbre para los argentinos, \u00e1mbitos como este suponen un espacio de di\u00e1logo y de reflexi\u00f3n, que las mismas comunidades de fe han hecho de este encuentro en la diversidad un atributo de Buenos Aires. Este ejemplo del que somos testigos todos los d\u00edas nos tiene que ense\u00f1ar a cambiar la incertidumbre por el di\u00e1logo y trabajar juntos con la confianza de que hay un futuro que nos encuentre unidos\u00bb, se\u00f1al\u00f3 Rodr\u00edguez Larreta. En esa misma l\u00ednea sostuvo: \u201cEn un momento de desencuentro, que haya un encuentro de estas caracter\u00edsticas me parece un gesto muy lindo. La pregunta es c\u00f3mo podemos potenciar este ejemplo a toda la Argentina.<\/p>\n<p>Tenemos que transmitirle a toda la clase dirigente la necesidad de un encuentro como este\u201d. Y resalt\u00f3: \u201cLa dimensi\u00f3n religiosa y el apoyo espiritual tienen un rol fundamental en el bienestar integral de los ciudadanos. Con sus iglesias ayudan en muchos casos, m\u00e1s all\u00e1 de sus congregaciones. Eso ha sido siempre muy importante en la Ciudad. Les agradezco el enorme esfuerzo que hicieron durante la pandemia, s\u00e9 que fue muy dif\u00edcil para todos\u201d. \u201cSiempre estamos abiertos a sugerencias para seguir transformando la Ciudad. Cuentan con nuestro gobierno para lo que necesiten, para as\u00ed hacer de esta una ciudad cada vez mejor para todos\u201d, finaliz\u00f3 el mandatario.<\/p>\n<p>El almuerzo fue un encuentro de intercambio entre los referentes religiosos para plantear los lineamientos y las demandas a cubrir, y los desaf\u00edos de cara al futuro. En este sentido, dialogaron sobre los ejes centrales del pr\u00f3ximo Foro Buenos Aires Ciudad del Encuentro y Di\u00e1logo Interreligioso, que se realizar\u00e1 en octubre en el marco de la Cumbre Mundial de Alcaldes de C40, la cual tendr\u00e1 como sede a la Ciudad. En esa edici\u00f3n se trabajar\u00e1 fundamentalmente en el rol de las ciudades para lograr un impacto en la lucha contra el cambio clim\u00e1tico.<\/p>\n<p>Por su parte, el ministro de Gobierno porte\u00f1o, Jorge Macri, sostuvo: \u201cEste tipo de encuentros interreligiosos son una herramienta imprescindible en este momento tan dif\u00edcil que estamos atravesando los argentinos. Tambi\u00e9n nos interpelan a quienes ocupamos cargos p\u00fablicos, porque nos demuestran claramente que nadie puede solo y nos obligan a buscar consensos. Nosotros siempre vamos a estar dispuestos a sentarnos a la mesa para dialogar y buscar las soluciones que el pa\u00eds necesita\u201d.<\/p>\n<p>Por \u00faltimo, el director general de Entidades y Cultos, Federico Pugliese, a\u00f1adi\u00f3: \u201cEl apoyo de ustedes durante la pandemia ha sido fundamental. Siempre pensamos en el bienestar integral de la persona. El di\u00e1logo constante fue la clave que nos llev\u00f3 al trabajo en conjunto dando grandes resultados, pero tambi\u00e9n nos mostr\u00f3 que los desaf\u00edos que se avecinan no se pueden superar si no entendemos la importancia del otro y la b\u00fasqueda del bien com\u00fan\u201d. Del encuentro participaron referentes de las religiones cat\u00f3lica, jud\u00eda, isl\u00e1mica, cristiana evang\u00e9lica (pentecostal, bautista, luterana), ortodoxa (griega, armenia, antioquena, siriana), anglicana, Iglesia de Jesucristo de los Santos de los \u00daltimos D\u00eda, budista, africanista y bah\u00e1\u2019i.<\/p>\n<p>Por parte del Gobierno porte\u00f1o participaron Fernando Straface, Secretario general y de Relaciones Internacionales; Jorge Macri, Ministro de Gobierno; y Federico Pugliese, Director general de Entidades y Cultos; Francisco Resnicoff, Subsecretario de Relaciones Internacionales; Carmen Polledo, Subsecretaria de Relaciones Institucionales; Omar Abboud, Responsable de la Unidad de Proyectos Especiales Di\u00e1logo Social; y Pilar Bosca, Gerente Operativa de Relaciones con los Cultos.<\/p>\n<p><strong>A su vez, los representantes de las distintas comunidades de fe que estuvieron presentes fueron:<\/strong> Monse\u00f1or Enrique Egu\u00eda Segu\u00ed, Monse\u00f1or Juan Carlos Ares, Pastor Christian Hooft, Pastor Jorge Sennewald, Pastor Norberto Saracco, Amos Linetzky, Jorge Knoblovits, An\u00edbal Bachir Bakir, Sheij Abdel Nabi el Hefnawy, Monse\u00f1or Iosif Bosch, Monse\u00f1or Santiago El Khoury, Monse\u00f1or Kissag Mouradian, Monse\u00f1or Cris\u00f3stomo Gassali, Rabino Eliahu Hamra, Obispo Brian Williams, Leonardo Schindler, Presb\u00edtero Carlos White, Pastor Tom\u00e1s Mackey, Rabino Alejandro Avruj, Pastora Susana Ibarbalz, Claudio Epelman, Presb\u00edtero Guillermo Marc\u00f3, Rabino Ariel Stofenmacher, Pastor Juan Manuel Montane, Elder Alfredo Salas, Adalberto Assad, Presb\u00edtero Juan Ignacio Alonso, Presb\u00edtero Andres Tello, Marco Gallo, Martha de Antueno, Juan Navarro Floria, Pastor Rub\u00e9n Salomone, Melody Kabalan, Ayed Hassan Alrabie, Imam Marwan Sarwar Gill, Hugo Ernesto Watenberg, Maestra Miao Zhe, Ana Paula L\u00f3pez Guti\u00e9rrez, Bahieh Khorsandnia Ferdosian.<\/p>\n","protected":false},"excerpt":{"rendered":"<p>El jefe de Gobierno porte\u00f1o, Horacio Rodr\u00edguez Larreta, recibi\u00f3 ayer martes a m\u00e1s de 50 representantes de diferentes comunidades de fe e instituciones de la Ciudad que participaron de la 5ta edici\u00f3n del ya tradicional Almuerzo Interreligioso. El encuentro, que durante los dos \u00faltimos a\u00f1os no pudo realizarse debido a la pandemia por Covid-19, fue [&hellip;]<\/p>\n","protected":false},"author":2,"featured_media":39198,"comment_status":"open","ping_status":"open","sticky":false,"template":"","format":"standard","meta":{"_et_pb_use_builder":"","_et_pb_old_content":"","_et_gb_content_width":"","footnotes":""},"categories":[11,33],"tags":[],"class_list":["post-39197","post","type-post","status-publish","format-standard","has-post-thumbnail","hentry","category-ciudad","category-sociedad-y-cultura-2"],"_links":{"self":[{"href":"https:\/\/vocesdebaires.com.ar\/index.php\/wp-json\/wp\/v2\/posts\/39197"}],"collection":[{"href":"https:\/\/vocesdebaires.com.ar\/index.php\/wp-json\/wp\/v2\/posts"}],"about":[{"href":"https:\/\/vocesdebaires.com.ar\/index.php\/wp-json\/wp\/v2\/types\/post"}],"author":[{"embeddable":true,"href":"https:\/\/vocesdebaires.com.ar\/index.php\/wp-json\/wp\/v2\/users\/2"}],"replies":[{"embeddable":true,"href":"https:\/\/vocesdebaires.com.ar\/index.php\/wp-json\/wp\/v2\/comments?post=39197"}],"version-history":[{"count":1,"href":"https:\/\/vocesdebaires.com.ar\/index.php\/wp-json\/wp\/v2\/posts\/39197\/revisions"}],"predecessor-version":[{"id":39199,"href":"https:\/\/vocesdebaires.com.ar\/index.php\/wp-json\/wp\/v2\/posts\/39197\/revisions\/39199"}],"wp:featuredmedia":[{"embeddable":true,"href":"https:\/\/vocesdebaires.com.ar\/index.php\/wp-json\/wp\/v2\/media\/39198"}],"wp:attachment":[{"href":"https:\/\/vocesdebaires.com.ar\/index.php\/wp-json\/wp\/v2\/media?parent=39197"}],"wp:term":[{"taxonomy":"category","embeddable":true,"href":"https:\/\/vocesdebaires.com.ar\/index.php\/wp-json\/wp\/v2\/categories?post=39197"},{"taxonomy":"post_tag","embeddable":true,"href":"https:\/\/vocesdebaires.com.ar\/index.php\/wp-json\/wp\/v2\/tags?post=39197"}],"curies":[{"name":"wp","href":"https:\/\/api.w.org\/{rel}","templated":true}]}}