{"id":39240,"date":"2022-07-08T00:00:29","date_gmt":"2022-07-08T03:00:29","guid":{"rendered":"https:\/\/vocesdebaires.com.ar\/?p=39240"},"modified":"2022-07-08T00:02:14","modified_gmt":"2022-07-08T03:02:14","slug":"la-legislatura-portena-distinguio-a-personalidades-destacadas-y-distenciones","status":"publish","type":"post","link":"https:\/\/vocesdebaires.com.ar\/index.php\/2022\/07\/08\/la-legislatura-portena-distinguio-a-personalidades-destacadas-y-distenciones\/","title":{"rendered":"Ciudad: Distingui\u00f3 a personalidades destacadas y distenciones"},"content":{"rendered":"<p>Por otra parte, el cuerpo parlamentario distingui\u00f3 como personalidades destacadas en el \u00e1mbito de las ciencias m\u00e9dicas a la cirujana y onc\u00f3loga Dra. Irene Mar\u00eda Rita Altuna y al especialista en urolog\u00eda Dr. Horacio Alfredo Levati; en tanto en Derechos Humanos destac\u00f3 a la fundadora y directora ejecutiva de la Fundaci\u00f3n \u201cRed por la Infancia\u201d, Paula Wachter. Por impulso del bloque Vamos Juntos se vot\u00f3 la declaraci\u00f3n de Hu\u00e9sped de honor de la Ciudad al presidente Ejecutivo de CAF -Banco de Desarrollo de Am\u00e9rica Latina, Sergio D\u00edaz Granados Guida, quien en agosto pr\u00f3ximo se reunir\u00e1 con autoridades del Legislativo y el Ejecutivo.<\/p>\n","protected":false},"excerpt":{"rendered":"<p>Por otra parte, el cuerpo parlamentario distingui\u00f3 como personalidades destacadas en el \u00e1mbito de las ciencias m\u00e9dicas a la cirujana y onc\u00f3loga Dra. Irene Mar\u00eda Rita Altuna y al especialista en urolog\u00eda Dr. Horacio Alfredo Levati; en tanto en Derechos Humanos destac\u00f3 a la fundadora y directora ejecutiva de la Fundaci\u00f3n \u201cRed por la Infancia\u201d, [&hellip;]<\/p>\n","protected":false},"author":2,"featured_media":39241,"comment_status":"open","ping_status":"open","sticky":false,"template":"","format":"standard","meta":{"_et_pb_use_builder":"","_et_pb_old_content":"","_et_gb_content_width":"","footnotes":""},"categories":[11,33],"tags":[],"class_list":["post-39240","post","type-post","status-publish","format-standard","has-post-thumbnail","hentry","category-ciudad","category-sociedad-y-cultura-2"],"_links":{"self":[{"href":"https:\/\/vocesdebaires.com.ar\/index.php\/wp-json\/wp\/v2\/posts\/39240"}],"collection":[{"href":"https:\/\/vocesdebaires.com.ar\/index.php\/wp-json\/wp\/v2\/posts"}],"about":[{"href":"https:\/\/vocesdebaires.com.ar\/index.php\/wp-json\/wp\/v2\/types\/post"}],"author":[{"embeddable":true,"href":"https:\/\/vocesdebaires.com.ar\/index.php\/wp-json\/wp\/v2\/users\/2"}],"replies":[{"embeddable":true,"href":"https:\/\/vocesdebaires.com.ar\/index.php\/wp-json\/wp\/v2\/comments?post=39240"}],"version-history":[{"count":4,"href":"https:\/\/vocesdebaires.com.ar\/index.php\/wp-json\/wp\/v2\/posts\/39240\/revisions"}],"predecessor-version":[{"id":39245,"href":"https:\/\/vocesdebaires.com.ar\/index.php\/wp-json\/wp\/v2\/posts\/39240\/revisions\/39245"}],"wp:featuredmedia":[{"embeddable":true,"href":"https:\/\/vocesdebaires.com.ar\/index.php\/wp-json\/wp\/v2\/media\/39241"}],"wp:attachment":[{"href":"https:\/\/vocesdebaires.com.ar\/index.php\/wp-json\/wp\/v2\/media?parent=39240"}],"wp:term":[{"taxonomy":"category","embeddable":true,"href":"https:\/\/vocesdebaires.com.ar\/index.php\/wp-json\/wp\/v2\/categories?post=39240"},{"taxonomy":"post_tag","embeddable":true,"href":"https:\/\/vocesdebaires.com.ar\/index.php\/wp-json\/wp\/v2\/tags?post=39240"}],"curies":[{"name":"wp","href":"https:\/\/api.w.org\/{rel}","templated":true}]}}