{"id":39246,"date":"2022-07-08T00:04:35","date_gmt":"2022-07-08T03:04:35","guid":{"rendered":"https:\/\/vocesdebaires.com.ar\/?p=39246"},"modified":"2022-07-08T00:04:35","modified_gmt":"2022-07-08T03:04:35","slug":"legislaturaratificaron-traspaso-de-terrenos-a-la-provincia-de-buenos-aires","status":"publish","type":"post","link":"https:\/\/vocesdebaires.com.ar\/index.php\/2022\/07\/08\/legislaturaratificaron-traspaso-de-terrenos-a-la-provincia-de-buenos-aires\/","title":{"rendered":"Legislatura:Ratificaron traspaso de terrenos a la provincia de Buenos Aires"},"content":{"rendered":"<p>Los legisladores ratificaron en la sesi\u00f3n ordinaria de ayer jueves el convenio por el cual la Ciudad Aut\u00f3noma traspasa sin cargo a la provincia de Buenos Aires m\u00e1s de 58 hect\u00e1reas en el partido de La Matanza, con afectaci\u00f3n a planes de desarrollo urbano y social para 12.000 personas. Se trata de terrenos donde se emplazan los barrios 17 de Marzo, 17 de Marzo bis y las villas popularmente conocidas como Puerta de Hierro y San Petersburgo. Esas tierras fueron originalmente del Estado nacional, donde en 1969 se emplazaron asentamientos precarios.<\/p>\n<p>En 1973 los predios se transfirieron al Instituto de la Vivienda de la entonces Municipalidad de Buenos Aires para ser utilizados con fines de urbanizaci\u00f3n social. Sucesivas instalaciones irregulares de pobladores convirtieron a la zona en una heterog\u00e9nea barriada. En 2021, el Instituto de la Vivienda de CABA, la Municipalidad de La Matanza y el Organismo Provincial de Integraci\u00f3n Social y Urbana (OPISU) suscribieron el convenio homologado por el Poder Legislativo de la Ciudad, que tambi\u00e9n considerar\u00e1 el H. Concejo Deliberante matancero.<\/p>\n<p>Es a los efectos de poder transferir los inmuebles a la OPISU a t\u00edtulo gratuito y con afectaci\u00f3n a planes urban\u00edsticos y regularizaciones dominiales de moradores. En el despacho de la iniciativa intervinieron las comisiones legislativas de Vivienda y de Presupuesto, que presiden los legisladores Cecilia Ferrero (VJ) quien ayer al mediod\u00eda en el recinto fue miembro informante, y Claudio Romero (VJ). La votaci\u00f3n result\u00f3 afirmativa por unanimidad de los 52 legisladores presentes.<\/p>\n","protected":false},"excerpt":{"rendered":"<p>Los legisladores ratificaron en la sesi\u00f3n ordinaria de ayer jueves el convenio por el cual la Ciudad Aut\u00f3noma traspasa sin cargo a la provincia de Buenos Aires m\u00e1s de 58 hect\u00e1reas en el partido de La Matanza, con afectaci\u00f3n a planes de desarrollo urbano y social para 12.000 personas. Se trata de terrenos donde se [&hellip;]<\/p>\n","protected":false},"author":2,"featured_media":39247,"comment_status":"open","ping_status":"open","sticky":false,"template":"","format":"standard","meta":{"_et_pb_use_builder":"","_et_pb_old_content":"","_et_gb_content_width":"","footnotes":""},"categories":[11,33],"tags":[],"class_list":["post-39246","post","type-post","status-publish","format-standard","has-post-thumbnail","hentry","category-ciudad","category-sociedad-y-cultura-2"],"_links":{"self":[{"href":"https:\/\/vocesdebaires.com.ar\/index.php\/wp-json\/wp\/v2\/posts\/39246"}],"collection":[{"href":"https:\/\/vocesdebaires.com.ar\/index.php\/wp-json\/wp\/v2\/posts"}],"about":[{"href":"https:\/\/vocesdebaires.com.ar\/index.php\/wp-json\/wp\/v2\/types\/post"}],"author":[{"embeddable":true,"href":"https:\/\/vocesdebaires.com.ar\/index.php\/wp-json\/wp\/v2\/users\/2"}],"replies":[{"embeddable":true,"href":"https:\/\/vocesdebaires.com.ar\/index.php\/wp-json\/wp\/v2\/comments?post=39246"}],"version-history":[{"count":1,"href":"https:\/\/vocesdebaires.com.ar\/index.php\/wp-json\/wp\/v2\/posts\/39246\/revisions"}],"predecessor-version":[{"id":39248,"href":"https:\/\/vocesdebaires.com.ar\/index.php\/wp-json\/wp\/v2\/posts\/39246\/revisions\/39248"}],"wp:featuredmedia":[{"embeddable":true,"href":"https:\/\/vocesdebaires.com.ar\/index.php\/wp-json\/wp\/v2\/media\/39247"}],"wp:attachment":[{"href":"https:\/\/vocesdebaires.com.ar\/index.php\/wp-json\/wp\/v2\/media?parent=39246"}],"wp:term":[{"taxonomy":"category","embeddable":true,"href":"https:\/\/vocesdebaires.com.ar\/index.php\/wp-json\/wp\/v2\/categories?post=39246"},{"taxonomy":"post_tag","embeddable":true,"href":"https:\/\/vocesdebaires.com.ar\/index.php\/wp-json\/wp\/v2\/tags?post=39246"}],"curies":[{"name":"wp","href":"https:\/\/api.w.org\/{rel}","templated":true}]}}