{"id":39254,"date":"2022-07-11T00:00:38","date_gmt":"2022-07-11T03:00:38","guid":{"rendered":"https:\/\/vocesdebaires.com.ar\/?p=39254"},"modified":"2022-07-10T22:53:21","modified_gmt":"2022-07-11T01:53:21","slug":"mi-escuela-saludable-en-linea-un-programa-que-promueve-habitos","status":"publish","type":"post","link":"https:\/\/vocesdebaires.com.ar\/index.php\/2022\/07\/11\/mi-escuela-saludable-en-linea-un-programa-que-promueve-habitos\/","title":{"rendered":"Mi Escuela Saludable en L\u00ednea, un programa que promueve h\u00e1bitos"},"content":{"rendered":"<p>Mi Escuela Saludable en L\u00ednea (#MESenL\u00ednea) es una iniciativa de la Secretar\u00eda de Bienestar Integral del Ministerio de Salud porte\u00f1o, cuyo programa apunta a la educaci\u00f3n para la salud, enfocada en la Educaci\u00f3n Alimentaria y Nutricional (EAN). El objetivo de la propuesta, orientada al \u00e1mbito escolar, es generar autonom\u00eda en la comunidad educativa para la promoci\u00f3n de h\u00e1bitos alimentarios saludables y de actividad f\u00edsica, con el fin de contribuir en la prevenci\u00f3n del sobrepeso y la obesidad.<\/p>\n<p>El programa busca generar en las instituciones educativas, un entorno escolar m\u00e1s saludable que facilite y fomente la adquisici\u00f3n de h\u00e1bitos saludables. Se puede participar de forma voluntaria y est\u00e1 destinado a escuelas de nivel inicial y primario de toda la Ciudad, tanto de gesti\u00f3n estatal como privada. El programa trabaja en conjunto con el Ministerio de Educaci\u00f3n de la Ciudad.<\/p>\n<p>Desde el sitio web de Mi Escuela Saludable en L\u00ednea todos los actores de la comunidad educativa; estudiantes y sus familias, docentes y equipos de conducci\u00f3n; pueden acceder a los materiales del programa en formato digital, para realizar un recorrido hacia una alimentaci\u00f3n m\u00e1s consciente a trav\u00e9s de cuatro ejes integradores: Conocer, Comprar, Cocinar y Comer, y un eje transversal: Nuestro Entorno.<\/p>\n<p>En cada eje se propone y se brinda informaci\u00f3n, materiales descargables; actividades, talleres, capacitaciones y asesoramiento continuo a las instituciones educativas, para abordar tem\u00e1ticas y dise\u00f1ar estrategias que promuevan h\u00e1bitos saludables en el entorno escolar. Para m\u00e1s informaci\u00f3n sobre el programa de Mi Escuela Saludable en L\u00ednea comunicarse a: miescuelasaludableenlinea@buenosaires.gob.ar<\/p>\n<p><strong>La trayectoria del programa<\/strong><br \/>\nMESenL\u00ednea surge en el marco del Programa Mi Escuela Saludable \u2013PMES-, que nace en el 2012 dando respuesta a las acciones de educaci\u00f3n alimentaria que exige la Ley 3.704 (Buenos Aires 2010) y, a ra\u00edz de los \u00faltimos datos disponibles en la Ciudad de Buenos Aires sobre el estado nutricional y h\u00e1bitos de actividad f\u00edsica de los ni\u00f1os en edad escolar, provenientes de la primera Encuesta Alimentaria y Nutricional (EAN-CABA 2011).En t\u00e9rminos globales, el 42,4% de los ni\u00f1os de 5 a 12 a\u00f1os presenta exceso de peso, problem\u00e1tica que muestra una tendencia creciente en los \u00faltimos a\u00f1os.<\/p>\n<p>Entre los a\u00f1os 2012 y 2019, participaron del programa Mi Escuela Saludable m\u00e1s de 575 instituciones de nivel inicial y primario de gesti\u00f3n estatal, de todos los distritos escolares de la Ciudad (65% de las escuelas de CABA).\u00a0 En mayo de este a\u00f1o, participaron del inicio del programa las siguientes instituciones: Jard\u00edn Maternal Sard\u00e1 N\u00b0 7 D.E. 6; Jard\u00edn Normal N\u00b0 11 D.E. 6; Escuela Primaria N\u00b0 5 D.E. 19; Escuela Primaria N\u00b0 11 D.E. 6 y el Jard\u00edn de Infantes Com\u00fan N\u00b0 7 D.E. 9. A partir del mes de agosto comienza un nuevo grupo de escuelas. Las instituciones educativas de la Ciudad de Buenos Aires interesadas pueden contactarse por correo: miescuelasaludableenlinea@buenosaires.gob.ar<\/p>\n","protected":false},"excerpt":{"rendered":"<p>Mi Escuela Saludable en L\u00ednea (#MESenL\u00ednea) es una iniciativa de la Secretar\u00eda de Bienestar Integral del Ministerio de Salud porte\u00f1o, cuyo programa apunta a la educaci\u00f3n para la salud, enfocada en la Educaci\u00f3n Alimentaria y Nutricional (EAN). El objetivo de la propuesta, orientada al \u00e1mbito escolar, es generar autonom\u00eda en la comunidad educativa para la [&hellip;]<\/p>\n","protected":false},"author":3,"featured_media":39255,"comment_status":"open","ping_status":"open","sticky":false,"template":"","format":"standard","meta":{"_et_pb_use_builder":"","_et_pb_old_content":"","_et_gb_content_width":"","footnotes":""},"categories":[11,33],"tags":[],"class_list":["post-39254","post","type-post","status-publish","format-standard","has-post-thumbnail","hentry","category-ciudad","category-sociedad-y-cultura-2"],"_links":{"self":[{"href":"https:\/\/vocesdebaires.com.ar\/index.php\/wp-json\/wp\/v2\/posts\/39254"}],"collection":[{"href":"https:\/\/vocesdebaires.com.ar\/index.php\/wp-json\/wp\/v2\/posts"}],"about":[{"href":"https:\/\/vocesdebaires.com.ar\/index.php\/wp-json\/wp\/v2\/types\/post"}],"author":[{"embeddable":true,"href":"https:\/\/vocesdebaires.com.ar\/index.php\/wp-json\/wp\/v2\/users\/3"}],"replies":[{"embeddable":true,"href":"https:\/\/vocesdebaires.com.ar\/index.php\/wp-json\/wp\/v2\/comments?post=39254"}],"version-history":[{"count":1,"href":"https:\/\/vocesdebaires.com.ar\/index.php\/wp-json\/wp\/v2\/posts\/39254\/revisions"}],"predecessor-version":[{"id":39256,"href":"https:\/\/vocesdebaires.com.ar\/index.php\/wp-json\/wp\/v2\/posts\/39254\/revisions\/39256"}],"wp:featuredmedia":[{"embeddable":true,"href":"https:\/\/vocesdebaires.com.ar\/index.php\/wp-json\/wp\/v2\/media\/39255"}],"wp:attachment":[{"href":"https:\/\/vocesdebaires.com.ar\/index.php\/wp-json\/wp\/v2\/media?parent=39254"}],"wp:term":[{"taxonomy":"category","embeddable":true,"href":"https:\/\/vocesdebaires.com.ar\/index.php\/wp-json\/wp\/v2\/categories?post=39254"},{"taxonomy":"post_tag","embeddable":true,"href":"https:\/\/vocesdebaires.com.ar\/index.php\/wp-json\/wp\/v2\/tags?post=39254"}],"curies":[{"name":"wp","href":"https:\/\/api.w.org\/{rel}","templated":true}]}}