{"id":39260,"date":"2022-07-11T00:00:04","date_gmt":"2022-07-11T03:00:04","guid":{"rendered":"https:\/\/vocesdebaires.com.ar\/?p=39260"},"modified":"2022-07-10T22:57:34","modified_gmt":"2022-07-11T01:57:34","slug":"rodriguez-larreta-la-educacion-es-el-camino-hacia-la-libertad","status":"publish","type":"post","link":"https:\/\/vocesdebaires.com.ar\/index.php\/2022\/07\/11\/rodriguez-larreta-la-educacion-es-el-camino-hacia-la-libertad\/","title":{"rendered":"Rodr\u00edguez Larreta: \u00abLa educaci\u00f3n es el camino hacia la libertad\u00bb"},"content":{"rendered":"<p>El jefe de Gobierno porte\u00f1o, Horacio Rodr\u00edguez Larreta, y la ministra de Educaci\u00f3n, Soledad Acu\u00f1a, participaron el pasado s\u00e1bado del acto de izamiento de la bandera en la escuela N\u00b0 4 D.E. 1 Catedral al Norte \u201cJos\u00e9 Manuel Estrada\u201d, en el marco de la conmemoraci\u00f3n del D\u00eda de la Independencia. \u201cEs simb\u00f3lico festejar el d\u00eda de nuestra Independencia en una escuela, porque hoy recordamos la libertad para los argentinos. Y es la educaci\u00f3n el camino hacia la libertad. Lo que le va a permitir a los chicos elegir, que es lo m\u00e1s importante en la vida\u201d, remarc\u00f3 el Jefe de Gobierno.<\/p>\n<p>En ese sentido, se\u00f1al\u00f3 la importancia de unir los valores de la independencia con lo que hoy necesita Argentina. \u201cPor eso le damos tanta prioridad a la educaci\u00f3n y por eso agradezco a toda la comunidad educativa de la Ciudad, porque pusieron todo el compromiso en el momento m\u00e1s dif\u00edcil de la historia. Salimos adelante, defendimos entre todos la presencialidad y estamos trabajando en muchos programas para mejorar la calidad educativa\u201d, destac\u00f3.<\/p>\n<p>El mandatario repas\u00f3 otras medidas que se tomaron para acompa\u00f1ar el proceso de aprendizaje de los alumnos. \u201cEste a\u00f1o hicimos un esfuerzo grande para poner m\u00e1s horas de los chicos en las escuelas, con los s\u00e1bados para recuperar clases, con la jornada extendida. Todos sabemos que el tiempo perdido en la pandemia no se recupera, pero en la medida que recuperemos horas y contenidos, vamos a salir adelante\u201d, explic\u00f3. Por \u00faltimo, se\u00f1al\u00f3 que \u201cel sistema educativo p\u00fablico de la Ciudad de Buenos Aires es un gran orgullo\u201d.<\/p>\n","protected":false},"excerpt":{"rendered":"<p>El jefe de Gobierno porte\u00f1o, Horacio Rodr\u00edguez Larreta, y la ministra de Educaci\u00f3n, Soledad Acu\u00f1a, participaron el pasado s\u00e1bado del acto de izamiento de la bandera en la escuela N\u00b0 4 D.E. 1 Catedral al Norte \u201cJos\u00e9 Manuel Estrada\u201d, en el marco de la conmemoraci\u00f3n del D\u00eda de la Independencia. \u201cEs simb\u00f3lico festejar el d\u00eda [&hellip;]<\/p>\n","protected":false},"author":3,"featured_media":39261,"comment_status":"open","ping_status":"open","sticky":false,"template":"","format":"standard","meta":{"_et_pb_use_builder":"","_et_pb_old_content":"","_et_gb_content_width":"","footnotes":""},"categories":[11,33],"tags":[],"class_list":["post-39260","post","type-post","status-publish","format-standard","has-post-thumbnail","hentry","category-ciudad","category-sociedad-y-cultura-2"],"_links":{"self":[{"href":"https:\/\/vocesdebaires.com.ar\/index.php\/wp-json\/wp\/v2\/posts\/39260"}],"collection":[{"href":"https:\/\/vocesdebaires.com.ar\/index.php\/wp-json\/wp\/v2\/posts"}],"about":[{"href":"https:\/\/vocesdebaires.com.ar\/index.php\/wp-json\/wp\/v2\/types\/post"}],"author":[{"embeddable":true,"href":"https:\/\/vocesdebaires.com.ar\/index.php\/wp-json\/wp\/v2\/users\/3"}],"replies":[{"embeddable":true,"href":"https:\/\/vocesdebaires.com.ar\/index.php\/wp-json\/wp\/v2\/comments?post=39260"}],"version-history":[{"count":1,"href":"https:\/\/vocesdebaires.com.ar\/index.php\/wp-json\/wp\/v2\/posts\/39260\/revisions"}],"predecessor-version":[{"id":39262,"href":"https:\/\/vocesdebaires.com.ar\/index.php\/wp-json\/wp\/v2\/posts\/39260\/revisions\/39262"}],"wp:featuredmedia":[{"embeddable":true,"href":"https:\/\/vocesdebaires.com.ar\/index.php\/wp-json\/wp\/v2\/media\/39261"}],"wp:attachment":[{"href":"https:\/\/vocesdebaires.com.ar\/index.php\/wp-json\/wp\/v2\/media?parent=39260"}],"wp:term":[{"taxonomy":"category","embeddable":true,"href":"https:\/\/vocesdebaires.com.ar\/index.php\/wp-json\/wp\/v2\/categories?post=39260"},{"taxonomy":"post_tag","embeddable":true,"href":"https:\/\/vocesdebaires.com.ar\/index.php\/wp-json\/wp\/v2\/tags?post=39260"}],"curies":[{"name":"wp","href":"https:\/\/api.w.org\/{rel}","templated":true}]}}