{"id":39264,"date":"2022-07-11T00:00:50","date_gmt":"2022-07-11T03:00:50","guid":{"rendered":"https:\/\/vocesdebaires.com.ar\/?p=39264"},"modified":"2022-07-10T23:09:20","modified_gmt":"2022-07-11T02:09:20","slug":"legislaturaalumnos-tuvieron-su-primera-experiencia-parlamentaria","status":"publish","type":"post","link":"https:\/\/vocesdebaires.com.ar\/index.php\/2022\/07\/11\/legislaturaalumnos-tuvieron-su-primera-experiencia-parlamentaria\/","title":{"rendered":"Legislatura:Alumnos tuvieron su primera experiencia parlamentaria"},"content":{"rendered":"<p>El Programa BA Legisla tiene como finalidad ofrecerle a los ciudadanos de todo el pa\u00eds herramientas \u00fatiles no solo para desarrollar su vida profesional sino tambi\u00e9n para esclarecer los procesos parlamentarios de nuestro distrito, en este marco la Direcci\u00f3n General Asuntos Legislativos (DGALE) del Ministerio de Gobierno de la Ciudad de Buenos Aires, junto a la Legislatura Porte\u00f1a, llevaron adelante un simulacro de sesi\u00f3n en recinto con el objetivo de completar las actividades te\u00f3rico-pr\u00e1cticas que incluye la capacitaci\u00f3n brindada por ambas instituciones.<br \/>\nDicha actividad se llev\u00f3 a cabo en el recinto de diputados y en donde los 60 alumnos que asistieron recrearon una Sesi\u00f3n Ordinaria.<\/p>\n<p>Cada uno de ellos represent\u00f3 a un legislador y cont\u00f3 con 3 minutos para debatir, exponer y brindar su postura sobre la tem\u00e1tica elegida: la \u201cLey de Fortalecimiento de la Carrera Docente\u201d que tiene como finalidad la de promover la actualizaci\u00f3n, formaci\u00f3n continua y desarrollo profesional de los\/las docentes. De la jornada tambi\u00e9n participaron directivos de ambas instituciones como el Director General de la DGALE, Diego Enrich y el Director General de Atenci\u00f3n Ciudadana de la LCABA, Martin Cesar, y los Diputados Emmanuel Ferrario (Vicepresidente 1ro del Parlamento), Roy Cortina y Mar\u00eda Sol M\u00e9ndez que oficiaron como presidentes de la Sesi\u00f3n.<\/p>\n<p>La DGALE y La Legislatura buscan en conjunto promover el inter\u00e9s y la formaci\u00f3n en relaci\u00f3n al proceso parlamentario para que cada vez llegue a m\u00e1s ciudadanos. Aprovechamos para agradecer la activa colaboraci\u00f3n y el invaluable aporte de cada uno de los involucrados. Si quer\u00e9s participar de las futuras ediciones env\u00edanos un correo electr\u00f3nico con tus datos a capacitacionlegislativa@buenosaires.gob.ar<\/p>\n","protected":false},"excerpt":{"rendered":"<p>El Programa BA Legisla tiene como finalidad ofrecerle a los ciudadanos de todo el pa\u00eds herramientas \u00fatiles no solo para desarrollar su vida profesional sino tambi\u00e9n para esclarecer los procesos parlamentarios de nuestro distrito, en este marco la Direcci\u00f3n General Asuntos Legislativos (DGALE) del Ministerio de Gobierno de la Ciudad de Buenos Aires, junto a [&hellip;]<\/p>\n","protected":false},"author":2,"featured_media":39265,"comment_status":"open","ping_status":"open","sticky":false,"template":"","format":"standard","meta":{"_et_pb_use_builder":"","_et_pb_old_content":"","_et_gb_content_width":"","footnotes":""},"categories":[11,33],"tags":[],"class_list":["post-39264","post","type-post","status-publish","format-standard","has-post-thumbnail","hentry","category-ciudad","category-sociedad-y-cultura-2"],"_links":{"self":[{"href":"https:\/\/vocesdebaires.com.ar\/index.php\/wp-json\/wp\/v2\/posts\/39264"}],"collection":[{"href":"https:\/\/vocesdebaires.com.ar\/index.php\/wp-json\/wp\/v2\/posts"}],"about":[{"href":"https:\/\/vocesdebaires.com.ar\/index.php\/wp-json\/wp\/v2\/types\/post"}],"author":[{"embeddable":true,"href":"https:\/\/vocesdebaires.com.ar\/index.php\/wp-json\/wp\/v2\/users\/2"}],"replies":[{"embeddable":true,"href":"https:\/\/vocesdebaires.com.ar\/index.php\/wp-json\/wp\/v2\/comments?post=39264"}],"version-history":[{"count":1,"href":"https:\/\/vocesdebaires.com.ar\/index.php\/wp-json\/wp\/v2\/posts\/39264\/revisions"}],"predecessor-version":[{"id":39266,"href":"https:\/\/vocesdebaires.com.ar\/index.php\/wp-json\/wp\/v2\/posts\/39264\/revisions\/39266"}],"wp:featuredmedia":[{"embeddable":true,"href":"https:\/\/vocesdebaires.com.ar\/index.php\/wp-json\/wp\/v2\/media\/39265"}],"wp:attachment":[{"href":"https:\/\/vocesdebaires.com.ar\/index.php\/wp-json\/wp\/v2\/media?parent=39264"}],"wp:term":[{"taxonomy":"category","embeddable":true,"href":"https:\/\/vocesdebaires.com.ar\/index.php\/wp-json\/wp\/v2\/categories?post=39264"},{"taxonomy":"post_tag","embeddable":true,"href":"https:\/\/vocesdebaires.com.ar\/index.php\/wp-json\/wp\/v2\/tags?post=39264"}],"curies":[{"name":"wp","href":"https:\/\/api.w.org\/{rel}","templated":true}]}}