{"id":39270,"date":"2022-07-11T00:00:24","date_gmt":"2022-07-11T03:00:24","guid":{"rendered":"https:\/\/vocesdebaires.com.ar\/?p=39270"},"modified":"2022-07-10T23:14:59","modified_gmt":"2022-07-11T02:14:59","slug":"legislaturacelebro-un-nuevo-ideaton-un-encuentro-con-vecinos-y-actores","status":"publish","type":"post","link":"https:\/\/vocesdebaires.com.ar\/index.php\/2022\/07\/11\/legislaturacelebro-un-nuevo-ideaton-un-encuentro-con-vecinos-y-actores\/","title":{"rendered":"Legislatura:Celebr\u00f3 un nuevo Ideat\u00f3n un encuentro con vecinos y actores"},"content":{"rendered":"<p>La Legislatura efectu\u00f3 el pasado viernes por la ma\u00f1ana una nueva edici\u00f3n del Ideat\u00f3n, en este caso presencial en el Sal\u00f3n Dorado &#8211; Hip\u00f3lito Yrigoyen. El programa tiene como objetivo generar un debate de propuestas para optimizar el v\u00ednculo del proceso legislativo con los vecinos de la Ciudad. El vicepresidente 1\u00b0 del cuerpo parlamentario, legislador Emmanuel Ferrario (VJ), inaugur\u00f3 el evento y le dio la bienvenida a los ciudadanos que se acercaron al edificio de Per\u00fa 160. \u201cQueremos pensar en conjunto las distintas iniciativas que nos permitan tener una Legislatura m\u00e1s abierta y un proceso de generaci\u00f3n de leyes m\u00e1s cercano, m\u00e1s transparente, m\u00e1s \u00e1gil\u201d, coment\u00f3.<\/p>\n<p>Durante la jornada se trataron dos ejes en distintas mesas de trabajo: Participaci\u00f3n ciudadana y colaboraci\u00f3n con actores estrat\u00e9gicos, y Tecnolog\u00eda e innovaci\u00f3n. Los vecinos debatieron ideas, intercambiaron conceptos con los diputados Hern\u00e1n Reyes, Luc\u00eda Romano y Cecilia Ferrero (VJ) y luego desarrollaron sus propuestas ante los presentes. \u201cLa convocatoria fue espectacular. Lo que esperamos lograr es que cada vez los ciudadanos conozcan m\u00e1s los mecanismos de participaci\u00f3n que est\u00e1n dispuestos en las diferentes normas y que tambi\u00e9n aporten ideas para generar otros mecanismos nuevos\u201d, sostuvo Romano, autora de la ley 6.413 que establece los instrumentos para la participaci\u00f3n de los vecinos de la Ciudad.<\/p>\n","protected":false},"excerpt":{"rendered":"<p>La Legislatura efectu\u00f3 el pasado viernes por la ma\u00f1ana una nueva edici\u00f3n del Ideat\u00f3n, en este caso presencial en el Sal\u00f3n Dorado &#8211; Hip\u00f3lito Yrigoyen. El programa tiene como objetivo generar un debate de propuestas para optimizar el v\u00ednculo del proceso legislativo con los vecinos de la Ciudad. El vicepresidente 1\u00b0 del cuerpo parlamentario, legislador [&hellip;]<\/p>\n","protected":false},"author":2,"featured_media":39271,"comment_status":"open","ping_status":"open","sticky":false,"template":"","format":"standard","meta":{"_et_pb_use_builder":"","_et_pb_old_content":"","_et_gb_content_width":"","footnotes":""},"categories":[11,33],"tags":[],"class_list":["post-39270","post","type-post","status-publish","format-standard","has-post-thumbnail","hentry","category-ciudad","category-sociedad-y-cultura-2"],"_links":{"self":[{"href":"https:\/\/vocesdebaires.com.ar\/index.php\/wp-json\/wp\/v2\/posts\/39270"}],"collection":[{"href":"https:\/\/vocesdebaires.com.ar\/index.php\/wp-json\/wp\/v2\/posts"}],"about":[{"href":"https:\/\/vocesdebaires.com.ar\/index.php\/wp-json\/wp\/v2\/types\/post"}],"author":[{"embeddable":true,"href":"https:\/\/vocesdebaires.com.ar\/index.php\/wp-json\/wp\/v2\/users\/2"}],"replies":[{"embeddable":true,"href":"https:\/\/vocesdebaires.com.ar\/index.php\/wp-json\/wp\/v2\/comments?post=39270"}],"version-history":[{"count":1,"href":"https:\/\/vocesdebaires.com.ar\/index.php\/wp-json\/wp\/v2\/posts\/39270\/revisions"}],"predecessor-version":[{"id":39272,"href":"https:\/\/vocesdebaires.com.ar\/index.php\/wp-json\/wp\/v2\/posts\/39270\/revisions\/39272"}],"wp:featuredmedia":[{"embeddable":true,"href":"https:\/\/vocesdebaires.com.ar\/index.php\/wp-json\/wp\/v2\/media\/39271"}],"wp:attachment":[{"href":"https:\/\/vocesdebaires.com.ar\/index.php\/wp-json\/wp\/v2\/media?parent=39270"}],"wp:term":[{"taxonomy":"category","embeddable":true,"href":"https:\/\/vocesdebaires.com.ar\/index.php\/wp-json\/wp\/v2\/categories?post=39270"},{"taxonomy":"post_tag","embeddable":true,"href":"https:\/\/vocesdebaires.com.ar\/index.php\/wp-json\/wp\/v2\/tags?post=39270"}],"curies":[{"name":"wp","href":"https:\/\/api.w.org\/{rel}","templated":true}]}}