{"id":39273,"date":"2022-07-11T00:00:17","date_gmt":"2022-07-11T03:00:17","guid":{"rendered":"https:\/\/vocesdebaires.com.ar\/?p=39273"},"modified":"2022-07-10T23:18:04","modified_gmt":"2022-07-11T02:18:04","slug":"actividad-de-amia-joven-por-un-nuevo-aniversario-del-atentado","status":"publish","type":"post","link":"https:\/\/vocesdebaires.com.ar\/index.php\/2022\/07\/11\/actividad-de-amia-joven-por-un-nuevo-aniversario-del-atentado\/","title":{"rendered":"Actividad de AMIA Joven por un nuevo aniversario del atentado"},"content":{"rendered":"<p>En el marco del 28\u00ba aniversario del atentado terrorista contra la AMIA, j\u00f3venes que se encuentran cursando la Escuela de Madrijim participaron, el mi\u00e9rcoles 6 de julio, de un encuentro con Giselle Avruj, sobrina de Cristian Degtiar, una de las 85 v\u00edctimas fatales del atentado, y Elio Kapszuk, director de Arte y Producci\u00f3n de AMIA. Durante la actividad, que se desarroll\u00f3 en el auditorio de la Pasteur 633, Avruj comparti\u00f3 con los presentes la historia de su t\u00edo y enfatiz\u00f3 en la necesidad de que se haga justicia. A su turno, Kapszuk expuso sobre los distintos proyectos art\u00edsticos que realiza la instituci\u00f3n para mantener viva la memoria y seguir denunciando la impunidad vigente.<\/p>\n<p>Luego de la actividad, el grupo fue invitado a recorrer la plaza seca de la instituci\u00f3n, donde entre otros homenajes a las v\u00edctimas fatales se encuentra el monumento del artista israel\u00ed Yaacov Agam y \u201cEl Muro de la Memoria\u201d del artista Mart\u00edn Ron. El encuentro cont\u00f3 con la participaci\u00f3n de las Escuelas de Madrijim de Hebraica, Macabi, Hacoaj, Cissab, Darkei, Noam, Bama y Faccma. AMIA Joven trabaja con los diversos movimientos comunitarios para fortalecer el compromiso con la memoria y la transmisi\u00f3n de nuestra historia para que los j\u00f3venes tengan un rol activo en el presente y en la construcci\u00f3n del futuro. Ante un nuevo aniversario del atentado terrorista, la Mesa de J\u00f3venes realizar\u00e1, el domingo 17 de julio, a partir de las 19, el tradicional Acto de Juventud frente a la puerta de la AMIA, en Pasteur 633.<\/p>\n","protected":false},"excerpt":{"rendered":"<p>En el marco del 28\u00ba aniversario del atentado terrorista contra la AMIA, j\u00f3venes que se encuentran cursando la Escuela de Madrijim participaron, el mi\u00e9rcoles 6 de julio, de un encuentro con Giselle Avruj, sobrina de Cristian Degtiar, una de las 85 v\u00edctimas fatales del atentado, y Elio Kapszuk, director de Arte y Producci\u00f3n de AMIA. [&hellip;]<\/p>\n","protected":false},"author":2,"featured_media":39274,"comment_status":"open","ping_status":"open","sticky":false,"template":"","format":"standard","meta":{"_et_pb_use_builder":"","_et_pb_old_content":"","_et_gb_content_width":"","footnotes":""},"categories":[11,33],"tags":[],"class_list":["post-39273","post","type-post","status-publish","format-standard","has-post-thumbnail","hentry","category-ciudad","category-sociedad-y-cultura-2"],"_links":{"self":[{"href":"https:\/\/vocesdebaires.com.ar\/index.php\/wp-json\/wp\/v2\/posts\/39273"}],"collection":[{"href":"https:\/\/vocesdebaires.com.ar\/index.php\/wp-json\/wp\/v2\/posts"}],"about":[{"href":"https:\/\/vocesdebaires.com.ar\/index.php\/wp-json\/wp\/v2\/types\/post"}],"author":[{"embeddable":true,"href":"https:\/\/vocesdebaires.com.ar\/index.php\/wp-json\/wp\/v2\/users\/2"}],"replies":[{"embeddable":true,"href":"https:\/\/vocesdebaires.com.ar\/index.php\/wp-json\/wp\/v2\/comments?post=39273"}],"version-history":[{"count":1,"href":"https:\/\/vocesdebaires.com.ar\/index.php\/wp-json\/wp\/v2\/posts\/39273\/revisions"}],"predecessor-version":[{"id":39275,"href":"https:\/\/vocesdebaires.com.ar\/index.php\/wp-json\/wp\/v2\/posts\/39273\/revisions\/39275"}],"wp:featuredmedia":[{"embeddable":true,"href":"https:\/\/vocesdebaires.com.ar\/index.php\/wp-json\/wp\/v2\/media\/39274"}],"wp:attachment":[{"href":"https:\/\/vocesdebaires.com.ar\/index.php\/wp-json\/wp\/v2\/media?parent=39273"}],"wp:term":[{"taxonomy":"category","embeddable":true,"href":"https:\/\/vocesdebaires.com.ar\/index.php\/wp-json\/wp\/v2\/categories?post=39273"},{"taxonomy":"post_tag","embeddable":true,"href":"https:\/\/vocesdebaires.com.ar\/index.php\/wp-json\/wp\/v2\/tags?post=39273"}],"curies":[{"name":"wp","href":"https:\/\/api.w.org\/{rel}","templated":true}]}}