{"id":39306,"date":"2022-07-14T00:00:15","date_gmt":"2022-07-14T03:00:15","guid":{"rendered":"https:\/\/vocesdebaires.com.ar\/?p=39306"},"modified":"2022-07-13T22:58:31","modified_gmt":"2022-07-14T01:58:31","slug":"la-legislatura-entrego-diplomas-a-las-selecciones-de-beach-handball","status":"publish","type":"post","link":"https:\/\/vocesdebaires.com.ar\/index.php\/2022\/07\/14\/la-legislatura-entrego-diplomas-a-las-selecciones-de-beach-handball\/","title":{"rendered":"La Legislatura entreg\u00f3 diplomas a las selecciones de beach handball"},"content":{"rendered":"<p>La Legislatura de la Ciudad reconoci\u00f3 y entreg\u00f3 diplomas a las selecciones argentinas juveniles masculina y femenina de beach handball, por la obtenci\u00f3n de las medallas doradas en los III\u00b0 Juegos Suramericanos de la Juventud. El acto se realiz\u00f3 el pasado martes en el Sal\u00f3n Dorado y cont\u00f3 con la presencia del legislador y promotor de la iniciativa Claudio Romero (VJ). \u201cDe las cosas lindas que nos pasa en esta Casa de los vecinos, es que nos permite dar estas peque\u00f1as distinciones. El reconocimiento es para que sepan que desde la ciudad de Buenos Aires los representantes de todos los vecinos tuvimos en cuenta el esfuerzo de ustedes y lo puedan guardar en su coraz\u00f3n\u201d, declar\u00f3 el funcionario.<\/p>\n<p>Luego, la entrenadora Leticia Brunato mencion\u00f3 que lo m\u00e1s importante del deporte \u201cson los valores\u201d que se crean a diario y comparti\u00f3 que se siente orgullosa de los valores que sus equipos mantienen. \u201cAs\u00ed es como todos podemos hacer algo para tener un mundo y un pa\u00eds todos los d\u00edas un poco mejor\u201d, concluy\u00f3. Cabe destacar, entre otros logros, que ambos equipos alcanzaron el quinto puesto en el Mundial Juvenil de Beach Handball realizado en Grecia entre el 14 y 19 de junio de este a\u00f1o. Y las medallas dorada para el equipo femenino y de plata para el equipo masculino en el Campeonato Juvenil de Balonmano de Playa de la Confederaci\u00f3n de Balonmano de Am\u00e9rica del Sur y Central, que tuvo lugar en el CeNARD el pasado mes de marzo.<\/p>\n","protected":false},"excerpt":{"rendered":"<p>La Legislatura de la Ciudad reconoci\u00f3 y entreg\u00f3 diplomas a las selecciones argentinas juveniles masculina y femenina de beach handball, por la obtenci\u00f3n de las medallas doradas en los III\u00b0 Juegos Suramericanos de la Juventud. El acto se realiz\u00f3 el pasado martes en el Sal\u00f3n Dorado y cont\u00f3 con la presencia del legislador y promotor [&hellip;]<\/p>\n","protected":false},"author":2,"featured_media":39307,"comment_status":"open","ping_status":"open","sticky":false,"template":"","format":"standard","meta":{"_et_pb_use_builder":"","_et_pb_old_content":"","_et_gb_content_width":"","footnotes":""},"categories":[11,33],"tags":[],"class_list":["post-39306","post","type-post","status-publish","format-standard","has-post-thumbnail","hentry","category-ciudad","category-sociedad-y-cultura-2"],"_links":{"self":[{"href":"https:\/\/vocesdebaires.com.ar\/index.php\/wp-json\/wp\/v2\/posts\/39306"}],"collection":[{"href":"https:\/\/vocesdebaires.com.ar\/index.php\/wp-json\/wp\/v2\/posts"}],"about":[{"href":"https:\/\/vocesdebaires.com.ar\/index.php\/wp-json\/wp\/v2\/types\/post"}],"author":[{"embeddable":true,"href":"https:\/\/vocesdebaires.com.ar\/index.php\/wp-json\/wp\/v2\/users\/2"}],"replies":[{"embeddable":true,"href":"https:\/\/vocesdebaires.com.ar\/index.php\/wp-json\/wp\/v2\/comments?post=39306"}],"version-history":[{"count":1,"href":"https:\/\/vocesdebaires.com.ar\/index.php\/wp-json\/wp\/v2\/posts\/39306\/revisions"}],"predecessor-version":[{"id":39308,"href":"https:\/\/vocesdebaires.com.ar\/index.php\/wp-json\/wp\/v2\/posts\/39306\/revisions\/39308"}],"wp:featuredmedia":[{"embeddable":true,"href":"https:\/\/vocesdebaires.com.ar\/index.php\/wp-json\/wp\/v2\/media\/39307"}],"wp:attachment":[{"href":"https:\/\/vocesdebaires.com.ar\/index.php\/wp-json\/wp\/v2\/media?parent=39306"}],"wp:term":[{"taxonomy":"category","embeddable":true,"href":"https:\/\/vocesdebaires.com.ar\/index.php\/wp-json\/wp\/v2\/categories?post=39306"},{"taxonomy":"post_tag","embeddable":true,"href":"https:\/\/vocesdebaires.com.ar\/index.php\/wp-json\/wp\/v2\/tags?post=39306"}],"curies":[{"name":"wp","href":"https:\/\/api.w.org\/{rel}","templated":true}]}}