{"id":39309,"date":"2022-07-14T00:00:10","date_gmt":"2022-07-14T03:00:10","guid":{"rendered":"https:\/\/vocesdebaires.com.ar\/?p=39309"},"modified":"2022-07-13T23:03:25","modified_gmt":"2022-07-14T02:03:25","slug":"la-ciudad-portena-suma-454-nuevos-policias-a-las-calles","status":"publish","type":"post","link":"https:\/\/vocesdebaires.com.ar\/index.php\/2022\/07\/14\/la-ciudad-portena-suma-454-nuevos-policias-a-las-calles\/","title":{"rendered":"La Ciudad porte\u00f1a: Suma 454 nuevos polic\u00edas a las calles"},"content":{"rendered":"<p>Este a\u00f1o egresaron 265 hombres y 189 mujeres, que atravesaron su formaci\u00f3n en pandemia, y que de ahora en m\u00e1s se desempe\u00f1ar\u00e1n en distintos destinos de la fuerza de seguridad porte\u00f1a.<br \/>\nLa Polic\u00eda de la Ciudad nace de la unificaci\u00f3n en 2017 a la ex Polic\u00eda Metropolitana y parte de la Polic\u00eda Federal Argentina (PFA). Actualmente, cuenta con m\u00e1s de 26 mil agentes. El acto se desarroll\u00f3 en la Plaza de Armas del Instituto Superior de Seguridad P\u00fablica (ISSP), con la presencia de su director, Gabriel Unrein, el Fiscal General Adjunto de la Ciudad de Buenos Aires, Javier Mart\u00edn L\u00f3pez Zavaleta, y el jefe y subjefe de la Polic\u00eda de la Ciudad, Gabriel Berard y Pedro Manuel Carnero, respectivamente.<\/p>\n<p>Tambi\u00e9n estuvieron el jefe y subjefe del Cuerpo de Bomberos de la Ciudad, Juan Carlos Moriconi y Carlos Augusto Teglia, y el director aut\u00f3nomo de Coordinaci\u00f3n y Enlace del ISSP, Comisario General Rodolfo Valent\u00edn Al\u00ed, adem\u00e1s de representantes de la Polic\u00eda Federal y de la Polic\u00eda de la Provincia de Buenos Aires, subsecretarios, directores nacionales y familiares de los cadetes.<br \/>\nDurante el acto los flamantes oficiales juraron por la Constituci\u00f3n Nacional y la Constituci\u00f3n de la Ciudad Aut\u00f3noma de Buenos Aires.\u00a0 Miguel felicit\u00f3 a los 454 hombres y mujeres que se sumaron a la Polic\u00eda de la Ciudad y les agradeci\u00f3 por \u201cla decisi\u00f3n valiente de entrega al servicio de los ciudadanos que han tomado, de estar dispuestos a arriesgar hasta lo m\u00e1s sagrado que tenemos que es la vida, lo cual es de una nobleza incalculable\u201d.<\/p>\n<p>El jefe de Gabinete resalt\u00f3 que el Instituto es \u201cmodelo en toda Am\u00e9rica Latina, formando polic\u00edas de primer nivel, y estamos convencidos que esta formaci\u00f3n de excelencia se puede llevar a todo el pa\u00eds\u201d. Por su parte, D\u2019Alessandro brind\u00f3 un agradecimiento a los familiares de los nuevos oficiales, al sostener que \u201cno son una sombra, son el sost\u00e9n necesario para que puedan llevar adelante esta vocaci\u00f3n, que se elige con la cabeza pero se lleva adelante con el coraz\u00f3n\u201d.<\/p>\n<p>El ministro inst\u00f3 a los nuevos oficiales a \u201csentirse orgullosos\u201d de formar parte de la Polic\u00eda de la Ciudad, \u201cuna de las instituciones mejores reconocidas por los ciudadanos, con una tecnolog\u00eda de punta que nos hizo disminuir todas las modalidades de delitos, pero da nada servir\u00eda si no hay hombres y mujeres comprometidos\u201d. En tanto, Macri asegur\u00f3 que \u201chay una decisi\u00f3n pol\u00edtica profunda que los va a tener a cada uno de ustedes acompa\u00f1ados por un gobierno que va a estar a su lado. Siempre que nos necesiten ah\u00ed vamos a estar, cada vez que los necesitemos sabemos que van a estar\u201d. \u201cCumplan la ley, respeten el uniforme, respeten nuestra Bandera y nuestra Constituci\u00f3n. Cuiden a sus camaradas, cu\u00eddense a ustedes mismos que es la mejor manera de cuidar a los ciudadanos.<\/p>\n<p>Y especialmente hagan sentir orgullosos a cada uno de los integrantes de sus familias que confiaron en ese paso que ustedes decidieron dar\u201d, a\u00f1adi\u00f3 el ministro. A su turno, Berard se\u00f1al\u00f3: \u201cUstedes visten uniforme, han dado un paso al frente en la sociedad, decidieron ser alguien, no trabajar de polic\u00eda, ser polic\u00edas y eso es lo que nos diferencia\u201d. Unrein finalmente refiri\u00f3 que \u201cdesde hace doce a\u00f1os en este instituto se est\u00e1 pensando c\u00f3mo tener la polic\u00eda mejor capacitada para darle cada d\u00eda mayor y mejor seguridad a los vecinos y los resultados est\u00e1n a la vista: Hoy tenemos una joven Polic\u00eda de la Ciudad que cuenta con alt\u00edsimo reconocimiento de los vecinos. Un 70% de imagen positiva\u00bb.<\/p>\n<p>Los cadetes de esta s\u00e9ptima promoci\u00f3n ingresaron a las aulas del ISSP de manera virtual en marzo de 2021, pudiendo integrarse al sistema de internado reci\u00e9n en octubre de ese a\u00f1o, ante la baja de casos de Covid-19 en la Ciudad de Buenos Aires. Los flamantes polic\u00edas conforman la cuarta promoci\u00f3n de cadetes con dos a\u00f1os de formaci\u00f3n, que egresan con el grado de oficial de la Polic\u00eda de la Ciudad. De ahora en m\u00e1s cumplir\u00e1n su tarea en un destino asignado, en tanto, mientras ejercen la profesi\u00f3n, muchos seguir\u00e1n cursando en las aulas del ISSP, de forma externada, durante los pr\u00f3ximos seis meses, para recibirse con el t\u00edtulo de T\u00e9cnico Superior en Seguridad P\u00fablica, reconocido por el Ministerio de Educaci\u00f3n de la Naci\u00f3n.<\/p>\n","protected":false},"excerpt":{"rendered":"<p>Este a\u00f1o egresaron 265 hombres y 189 mujeres, que atravesaron su formaci\u00f3n en pandemia, y que de ahora en m\u00e1s se desempe\u00f1ar\u00e1n en distintos destinos de la fuerza de seguridad porte\u00f1a. La Polic\u00eda de la Ciudad nace de la unificaci\u00f3n en 2017 a la ex Polic\u00eda Metropolitana y parte de la Polic\u00eda Federal Argentina (PFA). [&hellip;]<\/p>\n","protected":false},"author":2,"featured_media":39310,"comment_status":"open","ping_status":"open","sticky":false,"template":"","format":"standard","meta":{"_et_pb_use_builder":"","_et_pb_old_content":"","_et_gb_content_width":"","footnotes":""},"categories":[11,33],"tags":[],"class_list":["post-39309","post","type-post","status-publish","format-standard","has-post-thumbnail","hentry","category-ciudad","category-sociedad-y-cultura-2"],"_links":{"self":[{"href":"https:\/\/vocesdebaires.com.ar\/index.php\/wp-json\/wp\/v2\/posts\/39309"}],"collection":[{"href":"https:\/\/vocesdebaires.com.ar\/index.php\/wp-json\/wp\/v2\/posts"}],"about":[{"href":"https:\/\/vocesdebaires.com.ar\/index.php\/wp-json\/wp\/v2\/types\/post"}],"author":[{"embeddable":true,"href":"https:\/\/vocesdebaires.com.ar\/index.php\/wp-json\/wp\/v2\/users\/2"}],"replies":[{"embeddable":true,"href":"https:\/\/vocesdebaires.com.ar\/index.php\/wp-json\/wp\/v2\/comments?post=39309"}],"version-history":[{"count":1,"href":"https:\/\/vocesdebaires.com.ar\/index.php\/wp-json\/wp\/v2\/posts\/39309\/revisions"}],"predecessor-version":[{"id":39311,"href":"https:\/\/vocesdebaires.com.ar\/index.php\/wp-json\/wp\/v2\/posts\/39309\/revisions\/39311"}],"wp:featuredmedia":[{"embeddable":true,"href":"https:\/\/vocesdebaires.com.ar\/index.php\/wp-json\/wp\/v2\/media\/39310"}],"wp:attachment":[{"href":"https:\/\/vocesdebaires.com.ar\/index.php\/wp-json\/wp\/v2\/media?parent=39309"}],"wp:term":[{"taxonomy":"category","embeddable":true,"href":"https:\/\/vocesdebaires.com.ar\/index.php\/wp-json\/wp\/v2\/categories?post=39309"},{"taxonomy":"post_tag","embeddable":true,"href":"https:\/\/vocesdebaires.com.ar\/index.php\/wp-json\/wp\/v2\/tags?post=39309"}],"curies":[{"name":"wp","href":"https:\/\/api.w.org\/{rel}","templated":true}]}}