{"id":39319,"date":"2022-07-14T00:00:11","date_gmt":"2022-07-14T03:00:11","guid":{"rendered":"https:\/\/vocesdebaires.com.ar\/?p=39319"},"modified":"2022-07-13T23:41:49","modified_gmt":"2022-07-14T02:41:49","slug":"anticipo-sesiondebatiran-adecuacion-del-presupuesto-de-la-ciudad","status":"publish","type":"post","link":"https:\/\/vocesdebaires.com.ar\/index.php\/2022\/07\/14\/anticipo-sesiondebatiran-adecuacion-del-presupuesto-de-la-ciudad\/","title":{"rendered":"Anticipo Sesi\u00f3n:Debatir\u00e1n adecuaci\u00f3n del Presupuesto de la Ciudad"},"content":{"rendered":"<p>La Legislatura de la Ciudad realizar\u00e1 hoy jueves una nueva sesi\u00f3n ordinaria en la que tiene previsto debatir y votar un proyecto de la Jefatura de Gobierno para ampliar el Presupuesto 2022 de gastos y recursos para hacer frente a aumentos salariales, entre otras cuestiones. El temario de la sesi\u00f3n (convocada para hoy a las 11:00) fue definido ayer en la reuni\u00f3n de la comisi\u00f3n de Labor Parlamentaria, que preside el legislador porte\u00f1o Emmanuel Ferrario (VJ) e integran todas las bancadas.<\/p>\n<p>El requerimiento de incrementar el presupuesto, inicialmente estipulado en un bill\u00f3n de pesos, obedece a mayores erogaciones por incrementos en los salarios de los empleados; obras y equipamiento en hospitales, escuelas y red pluvial; compensaciones tarifarias de subtes y colectivos urbanos; insumos de los ministerios de Salud, Educaci\u00f3n, Justicia y Seguridad, y gastos del Ceamse. Los fondos se obtendr\u00e1n de mayor recaudaci\u00f3n tributaria y no tributaria, nuevas partidas de coparticipaci\u00f3n de recursos federales y desembolsos de fuentes financieras. La iniciativa a tratar tiene despacho de la Comisi\u00f3n de Presupuesto, Hacienda, Administraci\u00f3n Financiera y Pol\u00edtica Tributaria, que preside el legislador Claudio Romero (VJ), quien ma\u00f1ana har\u00e1 de miembro informante ante el cuerpo parlamentario.<\/p>\n<p>En la misma sesi\u00f3n ordinaria, tambi\u00e9n se pondr\u00e1 a consideraci\u00f3n la propuesta del Gobierno de crear \u201cun corredor verde\u201d en la Av. Honorio Pueyrred\u00f3n, entre calle Neuqu\u00e9n y Av. Gaona, donde se est\u00e1n realizando trabajos de intervenci\u00f3n y remodelaci\u00f3n. La alternativa es que dicha calle de convivencia permita asegurar el ingreso y la salida de veh\u00edculos de los frentistas, correos, emergencias, transporte de caudales y servicios p\u00fablicos importantes, sin afectar la circulaci\u00f3n de peatones y ciclistas. Tiene despacho de la comisi\u00f3n de Tr\u00e1nsito y Transporte, que preside el legislador Mat\u00edas L\u00f3pez (VJ).<\/p>\n<p>Por otra parte, el cuerpo legislativo debatir\u00e1 una iniciativa original de la ciudadana Carolina Stanley (ex ministra y ex legisladora), respaldada por legisladores de VJ y UCR. Tiene el prop\u00f3sito de adecuar, en el texto de la ley del Ministerio P\u00fablico, la misi\u00f3n de los asesores tutelares, para que se asegure el acceso a la Justicia en condiciones de igualdad a todas las personas que tengan alguna discapacidad de cualquier tipo y a los ni\u00f1os, ni\u00f1as y adolescentes. A tal fin, se ajustan las formas de procedimiento en protecci\u00f3n de esos sectores de la sociedad. Despachado por la comisi\u00f3n de Justicia, que preside la legisladora In\u00e9s Parry (UCR).<\/p>\n","protected":false},"excerpt":{"rendered":"<p>La Legislatura de la Ciudad realizar\u00e1 hoy jueves una nueva sesi\u00f3n ordinaria en la que tiene previsto debatir y votar un proyecto de la Jefatura de Gobierno para ampliar el Presupuesto 2022 de gastos y recursos para hacer frente a aumentos salariales, entre otras cuestiones. El temario de la sesi\u00f3n (convocada para hoy a las [&hellip;]<\/p>\n","protected":false},"author":2,"featured_media":35689,"comment_status":"open","ping_status":"open","sticky":false,"template":"","format":"standard","meta":{"_et_pb_use_builder":"","_et_pb_old_content":"","_et_gb_content_width":"","footnotes":""},"categories":[11,33],"tags":[],"class_list":["post-39319","post","type-post","status-publish","format-standard","has-post-thumbnail","hentry","category-ciudad","category-sociedad-y-cultura-2"],"_links":{"self":[{"href":"https:\/\/vocesdebaires.com.ar\/index.php\/wp-json\/wp\/v2\/posts\/39319"}],"collection":[{"href":"https:\/\/vocesdebaires.com.ar\/index.php\/wp-json\/wp\/v2\/posts"}],"about":[{"href":"https:\/\/vocesdebaires.com.ar\/index.php\/wp-json\/wp\/v2\/types\/post"}],"author":[{"embeddable":true,"href":"https:\/\/vocesdebaires.com.ar\/index.php\/wp-json\/wp\/v2\/users\/2"}],"replies":[{"embeddable":true,"href":"https:\/\/vocesdebaires.com.ar\/index.php\/wp-json\/wp\/v2\/comments?post=39319"}],"version-history":[{"count":1,"href":"https:\/\/vocesdebaires.com.ar\/index.php\/wp-json\/wp\/v2\/posts\/39319\/revisions"}],"predecessor-version":[{"id":39320,"href":"https:\/\/vocesdebaires.com.ar\/index.php\/wp-json\/wp\/v2\/posts\/39319\/revisions\/39320"}],"wp:featuredmedia":[{"embeddable":true,"href":"https:\/\/vocesdebaires.com.ar\/index.php\/wp-json\/wp\/v2\/media\/35689"}],"wp:attachment":[{"href":"https:\/\/vocesdebaires.com.ar\/index.php\/wp-json\/wp\/v2\/media?parent=39319"}],"wp:term":[{"taxonomy":"category","embeddable":true,"href":"https:\/\/vocesdebaires.com.ar\/index.php\/wp-json\/wp\/v2\/categories?post=39319"},{"taxonomy":"post_tag","embeddable":true,"href":"https:\/\/vocesdebaires.com.ar\/index.php\/wp-json\/wp\/v2\/tags?post=39319"}],"curies":[{"name":"wp","href":"https:\/\/api.w.org\/{rel}","templated":true}]}}